{"id":1875,"date":"2010-12-28T16:20:18","date_gmt":"2010-12-28T15:20:18","guid":{"rendered":"http:\/\/www.dalstroka-innafor.net\/?p=1875"},"modified":"2010-12-28T16:20:18","modified_gmt":"2010-12-28T15:20:18","slug":"vaksne-og-born-som-vener","status":"publish","type":"post","link":"https:\/\/dalstroka-innafor.net\/?p=1875","title":{"rendered":"Vaksne og born som vener"},"content":{"rendered":"<p>Eg har tidlegare skrive litt om temaet <a title=\"Facebook, l\u00e6rarar, elevar og \u201cvenning\u201d \u2013 soga fortset\" href=\"http:\/\/www.dalstroka-innafor.net\/2010\/10\/19\/facebook-l%C3%A6rarar-elevar-og-venning-soga-fortset\/\" target=\"_blank\">l\u00e6rarar og elevar som vener p\u00e5 Facebook<\/a>. <a title=\"Overv\u00e5ker du barna p\u00e5 Facebook?\" href=\"http:\/\/www.nrk.no\/helse-forbruk-og-livsstil\/1.7422685\" target=\"_blank\">For ikkje mange dagane sidan dukka denne artikkelen opp<\/a> p\u00e5 NRK sine nettsider.<\/p>\n<p>No har Lisa Nielsen (<a title=\"The Innovative Teacher\" href=\"http:\/\/theinnovativeeducator.blogspot.com\/\" target=\"_blank\">The Innovative Teacher<\/a>) nok ein gong kome med <a title=\"Kids and teachers are interacting. Everybody panic.\" href=\"http:\/\/theinnovativeeducator.blogspot.com\/2010\/12\/kids-and-teachers-are-interacting.html\" target=\"_blank\">nokre edruelege tankar omkring l\u00e6arars og elevars interaksjon p\u00e5 nettet<\/a>. Ho tek fatt i ein bloggpost skriven av <a title=\"Ben Grey\" href=\"http:\/\/bengrey.com\/blog\" target=\"_blank\">Ben Grey<\/a>.<\/p>\n<p>Der heiter det om sosiale media mellom anna at;<\/p>\n<blockquote><p><em>&laquo;The logic cited behind banning such mediums is most often due to the danger and risk of inappropriate interactions between teachers and students. If that\u2019s the case, then there\u2019s a whole lot more banning that we need to do. Because what about the times when students stay after school to get help from a teacher? Or what about the times when students call a teacher\u2019s classroom phone for help?\u00a0Or what if a teacher tutors a student?\u00a0Or what if a teacher bumps into a student at the local mall?&raquo;<\/em><\/p><\/blockquote>\n<p><a title=\"A little common sense\" href=\"http:\/\/bengrey.com\/blog\/2010\/12\/a-little-common-sense\/\" target=\"_blank\">Les meir enn gjerne heile posten hans her; A little common sense<\/a>.<\/p>\n","protected":false},"excerpt":{"rendered":"<p>Eg har tidlegare skrive litt om temaet l\u00e6rarar og elevar som vener p\u00e5 Facebook. For ikkje mange dagane sidan dukka denne artikkelen opp p\u00e5 NRK sine nettsider. No har Lisa Nielsen (The Innovative Teacher) nok ein gong kome med nokre edruelege tankar omkring l\u00e6arars og elevars interaksjon p\u00e5 nettet. Ho tek fatt i ein bloggpost [&hellip;]<\/p>\n","protected":false},"author":1,"featured_media":0,"comment_status":"open","ping_status":"open","sticky":false,"template":"","format":"standard","meta":{"footnotes":"","_share_on_mastodon":"0"},"categories":[2,4],"tags":[193,700,845],"class_list":["post-1875","post","type-post","status-publish","format-standard","hentry","category-arbeid","category-ikt","tag-facebook","tag-sosiale-medie","tag-web-20"],"share_on_mastodon":{"url":"","error":""},"_links":{"self":[{"href":"https:\/\/dalstroka-innafor.net\/index.php?rest_route=\/wp\/v2\/posts\/1875","targetHints":{"allow":["GET"]}}],"collection":[{"href":"https:\/\/dalstroka-innafor.net\/index.php?rest_route=\/wp\/v2\/posts"}],"about":[{"href":"https:\/\/dalstroka-innafor.net\/index.php?rest_route=\/wp\/v2\/types\/post"}],"author":[{"embeddable":true,"href":"https:\/\/dalstroka-innafor.net\/index.php?rest_route=\/wp\/v2\/users\/1"}],"replies":[{"embeddable":true,"href":"https:\/\/dalstroka-innafor.net\/index.php?rest_route=%2Fwp%2Fv2%2Fcomments&post=1875"}],"version-history":[{"count":0,"href":"https:\/\/dalstroka-innafor.net\/index.php?rest_route=\/wp\/v2\/posts\/1875\/revisions"}],"wp:attachment":[{"href":"https:\/\/dalstroka-innafor.net\/index.php?rest_route=%2Fwp%2Fv2%2Fmedia&parent=1875"}],"wp:term":[{"taxonomy":"category","embeddable":true,"href":"https:\/\/dalstroka-innafor.net\/index.php?rest_route=%2Fwp%2Fv2%2Fcategories&post=1875"},{"taxonomy":"post_tag","embeddable":true,"href":"https:\/\/dalstroka-innafor.net\/index.php?rest_route=%2Fwp%2Fv2%2Ftags&post=1875"}],"curies":[{"name":"wp","href":"https:\/\/api.w.org\/{rel}","templated":true}]}}