{"id":1842,"date":"2010-12-17T17:53:41","date_gmt":"2010-12-17T16:53:41","guid":{"rendered":"http:\/\/www.dalstroka-innafor.net\/?p=1842"},"modified":"2010-12-17T17:53:41","modified_gmt":"2010-12-17T16:53:41","slug":"no-kan-juleroa-senka-seg","status":"publish","type":"post","link":"https:\/\/dalstroka-innafor.net\/?p=1842","title":{"rendered":"No kan juleroa senka seg"},"content":{"rendered":"<p>Juletida p\u00e5 arbeid er over. Endeleg er det p\u00e5 sin plass og slenga beina p\u00e5 bordet og fors\u00f8ka og ta inn over seg den juleroa ein gjerne b\u00f8r klare \u00e5 finne f\u00f8r den 24. Slik sett er det godt \u00e5 endeleg har f\u00e5tt lov \u00e5 ta si etterlengta l\u00e6raravspasering!<\/p>\n<p>Og her er litt julemusikk til ettertanke fr\u00e5 den geniale Egil Olsen:<\/p>\n<p><object classid=\"clsid:d27cdb6e-ae6d-11cf-96b8-444553540000\" width=\"640\" height=\"385\" codebase=\"http:\/\/download.macromedia.com\/pub\/shockwave\/cabs\/flash\/swflash.cab#version=6,0,40,0\"><param name=\"allowFullScreen\" value=\"true\" \/><param name=\"allowscriptaccess\" value=\"always\" \/><param name=\"src\" value=\"http:\/\/www.youtube.com\/v\/ra4aYqRu2Fo?fs=1&amp;hl=en_US\" \/><param name=\"allowfullscreen\" value=\"true\" \/><embed type=\"application\/x-shockwave-flash\" width=\"640\" height=\"385\" src=\"http:\/\/www.youtube.com\/v\/ra4aYqRu2Fo?fs=1&amp;hl=en_US\" allowscriptaccess=\"always\" allowfullscreen=\"true\"><\/embed><\/object><\/p>\n","protected":false},"excerpt":{"rendered":"<p>Juletida p\u00e5 arbeid er over. Endeleg er det p\u00e5 sin plass og slenga beina p\u00e5 bordet og fors\u00f8ka og ta inn over seg den juleroa ein gjerne b\u00f8r klare \u00e5 finne f\u00f8r den 24. Slik sett er det godt \u00e5 endeleg har f\u00e5tt lov \u00e5 ta si etterlengta l\u00e6raravspasering! Og her er litt julemusikk til [&hellip;]<\/p>\n","protected":false},"author":1,"featured_media":0,"comment_status":"open","ping_status":"open","sticky":false,"template":"","format":"standard","meta":{"footnotes":"","_share_on_mastodon":"0"},"categories":[2],"tags":[361],"class_list":["post-1842","post","type-post","status-publish","format-standard","hentry","category-arbeid","tag-julesukk-ferie"],"share_on_mastodon":{"url":"","error":""},"_links":{"self":[{"href":"https:\/\/dalstroka-innafor.net\/index.php?rest_route=\/wp\/v2\/posts\/1842","targetHints":{"allow":["GET"]}}],"collection":[{"href":"https:\/\/dalstroka-innafor.net\/index.php?rest_route=\/wp\/v2\/posts"}],"about":[{"href":"https:\/\/dalstroka-innafor.net\/index.php?rest_route=\/wp\/v2\/types\/post"}],"author":[{"embeddable":true,"href":"https:\/\/dalstroka-innafor.net\/index.php?rest_route=\/wp\/v2\/users\/1"}],"replies":[{"embeddable":true,"href":"https:\/\/dalstroka-innafor.net\/index.php?rest_route=%2Fwp%2Fv2%2Fcomments&post=1842"}],"version-history":[{"count":0,"href":"https:\/\/dalstroka-innafor.net\/index.php?rest_route=\/wp\/v2\/posts\/1842\/revisions"}],"wp:attachment":[{"href":"https:\/\/dalstroka-innafor.net\/index.php?rest_route=%2Fwp%2Fv2%2Fmedia&parent=1842"}],"wp:term":[{"taxonomy":"category","embeddable":true,"href":"https:\/\/dalstroka-innafor.net\/index.php?rest_route=%2Fwp%2Fv2%2Fcategories&post=1842"},{"taxonomy":"post_tag","embeddable":true,"href":"https:\/\/dalstroka-innafor.net\/index.php?rest_route=%2Fwp%2Fv2%2Ftags&post=1842"}],"curies":[{"name":"wp","href":"https:\/\/api.w.org\/{rel}","templated":true}]}}