{"id":1793,"date":"2010-08-24T21:15:37","date_gmt":"2010-08-24T19:15:37","guid":{"rendered":"http:\/\/www.dalstroka-innafor.net\/?p=1793"},"modified":"2010-08-24T21:15:37","modified_gmt":"2010-08-24T19:15:37","slug":"runde-2-minst-av-facebook-i-skulen","status":"publish","type":"post","link":"https:\/\/dalstroka-innafor.net\/?p=1793","title":{"rendered":"Runde 2 (minst) av Facebook i skulen"},"content":{"rendered":"<p>I dag<a href=\"http:\/\/twitter.com\/EvaBra\/status\/21943882658\" target=\"_blank\"> lenka Eva Bratvold<\/a> til ein <a href=\"http:\/\/www.nrk.no\/nyheter\/distrikt\/rogaland\/nord-jaeren\/1.7261051\" target=\"_self\">artikkel fr\u00e5 NRK Rogaland<\/a> som omtalar det tilsynelatande evigvarande diskusjonstemaet i norske media; <em>Facebook i skulen<\/em>. Eg lova henne eit svar \u00a0p\u00e5 dette d\u00e5 eg sat p\u00e5 bussen i dag, men av di eg sa at det var eit par &laquo;men&raquo; omkring sp\u00f8rsm\u00e5let under, kjem svaret i form av ein bloggpost som det diverre har vorte alt for lite av i det siste.<\/p>\n<p>Sp\u00f8rsm\u00e5let som vert stilt er alts\u00e5 dette; <em>b\u00f8r elevar og l\u00e6rarar vera vener p\u00e5 facebook<\/em>. (Facebook vert for\u00f8vrig her skrive med liten f, slik det er gjort fr\u00e5 NRK Rogaland si side.)<\/p>\n<p>For dei med noko over normal husk, er gjerne ikkje ein diskusjon som denne noko nytt. I s\u00e5 m\u00e5te er det rart at NRK Rogaland vel \u00e5 lage dette til ei nyhende.<\/p>\n<p>Sist det gnistra omkring Facebook i skulen var vinklinga ei litt annan. D\u00e5 hadde media f\u00e5tt snusen i at ein l\u00e6rar v\u00e6rt mobba p\u00e5 nettopp Facebook.<\/p>\n<p><a href=\"http:\/\/www.dalstroka-innafor.net\/2009\/10\/06\/resultat-av-a-stenge-for-sosiale-media\/\" target=\"_blank\">Eg nemnde d\u00e5 i ein noko ironisk kommentar<\/a>, at skulen i Drammen gjerne kunne gjere som andre skular, \u00e5 stenge tilgangen til heile Facebook. No ser vi heldigvis ut til \u00e5 ha kome forbi dette stadiumet, og lite gler meg meir. For ser vi nok eit halv\u00e5r attende, <a href=\"http:\/\/www.vg.no\/nyheter\/innenriks\/elevavisen\/artikkel.php?artid=542613\" target=\"_blank\">vil VG Nett ha det til at den d\u00e5verande kunnskapsministaren gjekk inn for \u00e5 straffa<\/a> elevar som nytta for mykje tid p\u00e5 Facebook i l\u00f8pet av skuledagen.<\/p>\n<p>Heldigvis var den gode Solhjell s\u00e5pass i stand til \u00e5 nyttegjera seg av digitale media, at han <a href=\"http:\/\/www.bardvegar.no\/2009\/04\/lang-dag-og-ei-tabloid-verd\/\" target=\"_blank\">allereie i l\u00f8pet av dagen hadde posta eit godt tilsvar<\/a> til det som stod i avisa.<\/p>\n<p>Om l\u00e6rarar skal vere vener med sine elevar p\u00e5 Facebook, er eit sp\u00f8rsm\u00e5l ein sj\u00f8lvsagd kan diskutera i eit halv\u00e5rs tid eller lenger, for s\u00e5 \u00e5 koma fram til at det gjerne ikkje er s\u00e5 galt som dei st\u00f8rste skeptikarane gjerne skulle tru.<\/p>\n<p>Her er min umiddelbare reaksjon.<\/p>\n<p>Ja! L\u00e6rarar og elevar kan sj\u00f8lvsagd vere &laquo;vener&raquo; der. Dette er det minst to grunnar til, men eg n\u00f8yer meg med \u00e5 skildre nettopp desse for no.<\/p>\n<p>For det fyrste er det \u00e5 bli ven p\u00e5 Facebook ei noko missvisande uttrykk. Det er nettopp Facebook som har valt \u00e5 kalla det \u00e5 kople seg til ein bekjent p\u00e5 ein virtuell m\u00e5te som &laquo;ven&raquo;. Det funkar som konsept, og er<a href=\"http:\/\/www.youtube.com\/watch?v=nrlSkU0TFLs\" target=\"_blank\"> s\u00e5gar vorte eit verb i det engelske spr\u00e5ket<\/a>, p\u00e5 linje med det &laquo;\u00e5 google&raquo;. Dette er alts\u00e5 noko ein kan takke<a href=\"http:\/\/en.wikipedia.org\/wiki\/Mark_Zuckerberg\" target=\"_blank\"> Mark Zuckerberg<\/a> for. Om ikkje lenge til, dukkar det opp ein film om nettopp Facebook. Det blir d\u00e5 spanande \u00e5 sj\u00e5 om ein kan finne ut noko meir om bruken av ordet &laquo;ven&raquo; p\u00e5 Facebook. For alt eg veit kan den gode Mark ha hatt lite vener d\u00e5 han gjekk p\u00e5 Harvard, og funne ut at dette gjerne kunne vere ein grei m\u00e5te \u00e5 skaffa seg nokre p\u00e5. Som sagt&#8230;det vert spanande \u00e5 sj\u00e5.<\/p>\n<p>Grunn nummer to til at eg kjenner at det vert litt mykje oppstuss rundt heile greia, er at det finns noko som heiter <em>privacy settings<\/em>. For mange, gjerne dei med liten eller ingen digital kompetanse, er dette eit ukjend fenomen. Men det eksisterer alts\u00e5.<a rel=\"lightbox\" href=\"http:\/\/www.dalstroka-innafor.net\/wp-content\/uploads\/\/2010\/08\/ps.jpg\"><img loading=\"lazy\" decoding=\"async\" class=\"alignright size-medium wp-image-1794\" title=\"ps\" src=\"http:\/\/www.dalstroka-innafor.net\/wp-content\/uploads\/\/2010\/08\/ps-300x198.jpg\" alt=\"\" width=\"300\" height=\"198\" \/><\/a><\/p>\n<p><em>Privacy settings<\/em> er ei flott oppfinning av Zuckerberg. Denne funksjonen gjer det faktisk mogleg (og no kan du gjerne halde deg fast) <em>\u00e5 filtrere<\/em> informasjonen du fyller internettet med. Du kan lage <em>lister<\/em> der folk p\u00e5 dei ulike listene har tilgang til ulik informasjon.<\/p>\n<p>P\u00e5 den m\u00e5ten kan alts\u00e5 dine kj\u00e6re elevar verte sk\u00e5na for det f\u00e6le verkelege livet du som l\u00e6rar heilt sikkert lev, n\u00e5r du ikkje st\u00e5r bak framom tavla i klasserommet.<\/p>\n<p>S\u00e5 kan ein sj\u00f8lvsagd sp\u00f8rje seg om ein ein <em>verkeleg<\/em> ven n\u00e5r ein filtrerer det ein deler med venene sine?<\/p>\n<p>N\u00e5r alt er sagd, s\u00e5 er det likevel ein regel eg sj\u00f8lv har. Eg tek aldri initiativet til \u00e5 verte &laquo;ven&raquo; med elevar. Det er ein regel eg har definert for meg sj\u00f8lv som eg f\u00f8ler kan vere ein god leveregel. Skulle ein elev f\u00e5 lyst til \u00e5 leggje meg til som &laquo;ven&raquo;, har eg vanskeleg for \u00e5 sj\u00e5 det som noko anna enn ei positiv handlig. \u00c5 kappe handa av han eller ho, med \u00e5 nekte \u00e5 godkjenne f\u00f8respurnaden i det eleven strekk ut handa, trur eg gjerne skadar eleven meir enn om ein skulle godta han og legge han til i si <em>elevar-<\/em>liste.<\/p>\n<p>Og med dette vonar eg du har f\u00e5tt svar Eva? \ud83d\ude42<\/p>\n<p>PS&#8230;og no har eg ikkje ein gong teke tak i Liv Marie Schou og andre si flotte bruk av Facebook i undervisninga.<\/p>\n<p>PS II&#8230;sj\u00e5 ogs\u00e5 <a href=\"http:\/\/nyskole.blogspot.com\/2010\/08\/facebook-og-lrere.html\" target=\"_blank\">Jonny Eriksens skriveri om nett samme sak<\/a><\/p>\n","protected":false},"excerpt":{"rendered":"<p>I dag lenka Eva Bratvold til ein artikkel fr\u00e5 NRK Rogaland som omtalar det tilsynelatande evigvarande diskusjonstemaet i norske media; Facebook i skulen. Eg lova henne eit svar \u00a0p\u00e5 dette d\u00e5 eg sat p\u00e5 bussen i dag, men av di eg sa at det var eit par &laquo;men&raquo; omkring sp\u00f8rsm\u00e5let under, kjem svaret i form [&hellip;]<\/p>\n","protected":false},"author":1,"featured_media":0,"comment_status":"open","ping_status":"open","sticky":false,"template":"","format":"standard","meta":{"footnotes":"","_share_on_mastodon":"0"},"categories":[2,4,10],"tags":[155,193,891,828],"class_list":["post-1793","post","type-post","status-publish","format-standard","hentry","category-arbeid","category-ikt","category-politikk","tag-digital-kompetanse","tag-facebook","tag-ikt","tag-ven"],"share_on_mastodon":{"url":"","error":""},"_links":{"self":[{"href":"https:\/\/dalstroka-innafor.net\/index.php?rest_route=\/wp\/v2\/posts\/1793","targetHints":{"allow":["GET"]}}],"collection":[{"href":"https:\/\/dalstroka-innafor.net\/index.php?rest_route=\/wp\/v2\/posts"}],"about":[{"href":"https:\/\/dalstroka-innafor.net\/index.php?rest_route=\/wp\/v2\/types\/post"}],"author":[{"embeddable":true,"href":"https:\/\/dalstroka-innafor.net\/index.php?rest_route=\/wp\/v2\/users\/1"}],"replies":[{"embeddable":true,"href":"https:\/\/dalstroka-innafor.net\/index.php?rest_route=%2Fwp%2Fv2%2Fcomments&post=1793"}],"version-history":[{"count":0,"href":"https:\/\/dalstroka-innafor.net\/index.php?rest_route=\/wp\/v2\/posts\/1793\/revisions"}],"wp:attachment":[{"href":"https:\/\/dalstroka-innafor.net\/index.php?rest_route=%2Fwp%2Fv2%2Fmedia&parent=1793"}],"wp:term":[{"taxonomy":"category","embeddable":true,"href":"https:\/\/dalstroka-innafor.net\/index.php?rest_route=%2Fwp%2Fv2%2Fcategories&post=1793"},{"taxonomy":"post_tag","embeddable":true,"href":"https:\/\/dalstroka-innafor.net\/index.php?rest_route=%2Fwp%2Fv2%2Ftags&post=1793"}],"curies":[{"name":"wp","href":"https:\/\/api.w.org\/{rel}","templated":true}]}}