{"id":1744,"date":"2010-08-08T18:08:12","date_gmt":"2010-08-08T16:08:12","guid":{"rendered":"http:\/\/www.dalstroka-innafor.net\/?p=1744"},"modified":"2010-08-08T18:08:12","modified_gmt":"2010-08-08T16:08:12","slug":"sumarferien-2010","status":"publish","type":"post","link":"https:\/\/dalstroka-innafor.net\/?p=1744","title":{"rendered":"Sumarferien 2010"},"content":{"rendered":"<p>Etter det som vel m\u00e5 reknast som ein standardsumar for min del, med andre ord ein god gamaldags sl\u00e5tt, var det etter ein m\u00e5nad i Leidli omsider klart for litt ferie av det slaget som folk flest tenkjer p\u00e5 n\u00e5r ein tenkjer p\u00e5 nettopp ferie.<\/p>\n<p>M\u00e5let var i fyrste omgang Oslofjorden, med ein p\u00e5f\u00f8lgjande snartur til vestlandet att&#8230;n\u00e6rare bestemt Bulandet.<\/p>\n<p>Attende i Stavanger att gjer ein seg jo nokre refleksjonar. Konklusjonen er i \u00e5r s\u00e6rs enkel. Sumarferien 2010 har ikkje vore anna enn ein superhit og gjekk fr\u00e5 \u00e5 vere god, til \u00e5 toppa seg heilt med ein fantastisk solnedgang i havet vest av Noregs kyst.<\/p>\n<p>Takk til alle dei flotte personane som har vore med p\u00e5 \u00e5 gjera sumaren 2010 til ei minnerik oppleving!<\/p>\n<p>Klikk p\u00e5 biletet under for \u00e5 sj\u00e5 nokre glimt fr\u00e5 det heile.<\/p>\n<p><a rel=\"lightbox[sumar2010]\" href=\"http:\/\/www.dalstroka-innafor.net\/galleri\/sumar2010\/1.JPG\"><img loading=\"lazy\" decoding=\"async\" src=\"http:\/\/www.dalstroka-innafor.net\/galleri\/sumar2010\/1.JPG\" alt=\"\" width=\"480\" height=\"360\" \/><\/a><br \/>\n<a rel=\"lightbox[sumar2010]\" href=\"http:\/\/www.dalstroka-innafor.net\/galleri\/sumar2010\/2.JPG\"><\/a><br \/>\n<a rel=\"lightbox[sumar2010]\" href=\"http:\/\/www.dalstroka-innafor.net\/galleri\/sumar2010\/3.JPG\"><\/a><br \/>\n<a rel=\"lightbox[sumar2010]\" href=\"http:\/\/www.dalstroka-innafor.net\/galleri\/sumar2010\/4.JPG\"><\/a><br \/>\n<a rel=\"lightbox[sumar2010]\" href=\"http:\/\/www.dalstroka-innafor.net\/galleri\/sumar2010\/5.JPG\"><\/a><br \/>\n<a rel=\"lightbox[sumar2010]\" href=\"http:\/\/www.dalstroka-innafor.net\/galleri\/sumar2010\/6.JPG\"><\/a><br \/>\n<a rel=\"lightbox[sumar2010]\" href=\"http:\/\/www.dalstroka-innafor.net\/galleri\/sumar2010\/7.JPG\"><\/a><br \/>\n<a rel=\"lightbox[sumar2010]\" href=\"http:\/\/www.dalstroka-innafor.net\/galleri\/sumar2010\/8.JPG\"><\/a><br \/>\n<a rel=\"lightbox[sumar2010]\" href=\"http:\/\/www.dalstroka-innafor.net\/galleri\/sumar2010\/9.JPG\"><\/a><br \/>\n<a rel=\"lightbox[sumar2010]\" href=\"http:\/\/www.dalstroka-innafor.net\/galleri\/sumar2010\/10.JPG\"><\/a><br \/>\n<a rel=\"lightbox[sumar2010]\" href=\"http:\/\/www.dalstroka-innafor.net\/galleri\/sumar2010\/11.JPG\"><\/a><br \/>\n<a rel=\"lightbox[sumar2010]\" href=\"http:\/\/www.dalstroka-innafor.net\/galleri\/sumar2010\/12.JPG\"><\/a><br \/>\n<a rel=\"lightbox[sumar2010]\" href=\"http:\/\/www.dalstroka-innafor.net\/galleri\/sumar2010\/13.JPG\"><\/a><br \/>\n<a title=\"Ferga mellom Bulandet og Thaifjorden i M\u00f8re og Romsdal...\" rel=\"lightbox[sumar2010]\" href=\"http:\/\/www.dalstroka-innafor.net\/galleri\/sumar2010\/14.JPG\"><\/a><br \/>\n<a title=\"Neste stopp...F\u00e6r\u00f8yene.\" rel=\"lightbox[sumar2010]\" href=\"http:\/\/www.dalstroka-innafor.net\/galleri\/sumar2010\/15.JPG\"><\/a><br \/>\n<a rel=\"lightbox[sumar2010]\" href=\"http:\/\/www.dalstroka-innafor.net\/galleri\/sumar2010\/16.JPG\"><\/a><br \/>\n<a rel=\"lightbox[sumar2010]\" href=\"http:\/\/www.dalstroka-innafor.net\/galleri\/sumar2010\/17.JPG\"><\/a><br \/>\n<a rel=\"lightbox[sumar2010]\" href=\"http:\/\/www.dalstroka-innafor.net\/galleri\/sumar2010\/18.JPG\"><\/a><br \/>\n<a title=\"Kan ein ha det betre?\" rel=\"lightbox[sumar2010]\" href=\"http:\/\/www.dalstroka-innafor.net\/galleri\/sumar2010\/19.JPG\"><\/a><br \/>\n<a rel=\"lightbox[sumar2010]\" href=\"http:\/\/www.dalstroka-innafor.net\/galleri\/sumar2010\/20.JPG\"><\/a><br \/>\n<a title=\"Priceless!\" rel=\"lightbox[sumar2010]\" href=\"http:\/\/www.dalstroka-innafor.net\/galleri\/sumar2010\/21.JPG\"><\/a><br \/>\n<a title=\"...og medan me padla rundt, kom me jammen over han Terje Vigen.\" rel=\"lightbox[sumar2010]\" href=\"http:\/\/www.dalstroka-innafor.net\/galleri\/sumar2010\/22.JPG\"><\/a><\/p>\n","protected":false},"excerpt":{"rendered":"<p>Etter det som vel m\u00e5 reknast som ein standardsumar for min del, med andre ord ein god gamaldags sl\u00e5tt, var det etter ein m\u00e5nad i Leidli omsider klart for litt ferie av det slaget som folk flest tenkjer p\u00e5 n\u00e5r ein tenkjer p\u00e5 nettopp ferie. M\u00e5let var i fyrste omgang Oslofjorden, med ein p\u00e5f\u00f8lgjande snartur [&hellip;]<\/p>\n","protected":false},"author":1,"featured_media":1776,"comment_status":"open","ping_status":"open","sticky":false,"template":"","format":"standard","meta":{"footnotes":"","_share_on_mastodon":"0"},"categories":[16,9],"tags":[],"class_list":["post-1744","post","type-post","status-publish","format-standard","has-post-thumbnail","hentry","category-friluftsliv","category-personleg"],"share_on_mastodon":{"url":"","error":""},"_links":{"self":[{"href":"https:\/\/dalstroka-innafor.net\/index.php?rest_route=\/wp\/v2\/posts\/1744","targetHints":{"allow":["GET"]}}],"collection":[{"href":"https:\/\/dalstroka-innafor.net\/index.php?rest_route=\/wp\/v2\/posts"}],"about":[{"href":"https:\/\/dalstroka-innafor.net\/index.php?rest_route=\/wp\/v2\/types\/post"}],"author":[{"embeddable":true,"href":"https:\/\/dalstroka-innafor.net\/index.php?rest_route=\/wp\/v2\/users\/1"}],"replies":[{"embeddable":true,"href":"https:\/\/dalstroka-innafor.net\/index.php?rest_route=%2Fwp%2Fv2%2Fcomments&post=1744"}],"version-history":[{"count":0,"href":"https:\/\/dalstroka-innafor.net\/index.php?rest_route=\/wp\/v2\/posts\/1744\/revisions"}],"wp:featuredmedia":[{"embeddable":true,"href":"https:\/\/dalstroka-innafor.net\/index.php?rest_route=\/"}],"wp:attachment":[{"href":"https:\/\/dalstroka-innafor.net\/index.php?rest_route=%2Fwp%2Fv2%2Fmedia&parent=1744"}],"wp:term":[{"taxonomy":"category","embeddable":true,"href":"https:\/\/dalstroka-innafor.net\/index.php?rest_route=%2Fwp%2Fv2%2Fcategories&post=1744"},{"taxonomy":"post_tag","embeddable":true,"href":"https:\/\/dalstroka-innafor.net\/index.php?rest_route=%2Fwp%2Fv2%2Ftags&post=1744"}],"curies":[{"name":"wp","href":"https:\/\/api.w.org\/{rel}","templated":true}]}}