{"id":1690,"date":"2010-07-22T10:53:41","date_gmt":"2010-07-22T08:53:41","guid":{"rendered":"http:\/\/www.dalstroka-innafor.net\/?p=1690"},"modified":"2010-07-22T10:53:41","modified_gmt":"2010-07-22T08:53:41","slug":"feilparkering-i-dalstroka-innafor","status":"publish","type":"post","link":"https:\/\/dalstroka-innafor.net\/?p=1690","title":{"rendered":"Feilparkering i dalstroka innafor"},"content":{"rendered":"<p>Eg vakna opp av ein merkelig lyd i dag. Det var noko som rasla, eller skrapte utanfor vindauget. Ei slags knitring. Eg stod opp og kikka ut, og p\u00e5 parkeringsplassen utanfor Brekkebua kunne eg sj\u00e5 ein bil som l\u00e5g p\u00e5 hovudet.<a rel=\"lightbox\" href=\"http:\/\/www.dalstroka-innafor.net\/wp-content\/uploads\/\/2010\/07\/IMAG0018_001.jpg\"><img loading=\"lazy\" decoding=\"async\" class=\"alignright size-medium wp-image-1691\" title=\"Feilparkering utanfor Brekkebua\" src=\"http:\/\/www.dalstroka-innafor.net\/wp-content\/uploads\/\/2010\/07\/IMAG0018_001-300x168.jpg\" alt=\"\" width=\"270\" height=\"151\" \/><\/a><\/p>\n<p>Slikt er jo ikkje daglegdags, s\u00e5 eg m\u00e5tte gni meg godt i auga for \u00e5 vere sikker p\u00e5 at faktisk s\u00e5g det eg s\u00e5g. Men jo. Det l\u00e5g end\u00e5 ein bil parkert p\u00e5 hovudet utanfor kiosken.<\/p>\n<p>Ein blir litt stressa i slike situasjonar. Det dukka fort opp eit par personar, og innan eg hadde kledd p\u00e5 meg og kome ned vegen, hadde ein allereie f\u00e5tt klarlagd at det ikkje var fysiske skadar p\u00e5 den eine personen som var i bilen, samt at det hadde vorte ringt etter b\u00e5de politi, ambulanse og redningsbil.<\/p>\n<p>Bilen har kome opp p\u00e5 rekkverket og vippa inn p\u00e5 parkeringsplassen. Det var ikkje stor fart d\u00e5 hendinga skjedde, og det var berre denne ein bilen som var innblanda i ulukka.<\/p>\n<p>N\u00e5r ulukka f\u00f8rst var ute, var det vel neppe ein betre plass, eller tid p\u00e5 dagen, \u00e5 havarera bilen. Ein parkeringsplass er fin og flat \u00e5 krasja p\u00e5, og heldigvis var han p\u00e5 denne tida av d\u00f8gnet ikkje full av bilar slik det nok kunne ha vore eit par timar seinare p\u00e5 dagen.<\/p>\n<p>Sj\u00e5f\u00f8ren var yrkesj\u00e5f\u00f8r, og bilen var hans arbeidsbil, s\u00e5 eg vonar at det ordnar seg for han p\u00e5 best mogleg m\u00e5te. <a href=\"http:\/\/www.dalstroka-innafor.net\/2009\/09\/30\/overkj%C3%B8rt-i-morgonrushet\/\" target=\"_blank\">Det var nok gjenkjenneleg med raksjonen hans<\/a> d\u00e5 eg kom ned. Det som uroa den ulukksalige sj\u00e5f\u00f8ren var jo nettopp arbeidssituasjonen. Det er merkelig med det&#8230;at slikt er det fyrste som dukkar opp i hovudet p\u00e5 ein etter \u00e5 ha forulukka p\u00e5 den m\u00e5ten.<\/p>\n","protected":false},"excerpt":{"rendered":"<p>Eg vakna opp av ein merkelig lyd i dag. Det var noko som rasla, eller skrapte utanfor vindauget. Ei slags knitring. Eg stod opp og kikka ut, og p\u00e5 parkeringsplassen utanfor Brekkebua kunne eg sj\u00e5 ein bil som l\u00e5g p\u00e5 hovudet. Slikt er jo ikkje daglegdags, s\u00e5 eg m\u00e5tte gni meg godt i auga for [&hellip;]<\/p>\n","protected":false},"author":1,"featured_media":0,"comment_status":"open","ping_status":"open","sticky":false,"template":"","format":"standard","meta":{"footnotes":"","_share_on_mastodon":"0"},"categories":[12],"tags":[91,400,798,811],"class_list":["post-1690","post","type-post","status-publish","format-standard","hentry","category-sirdal","tag-bil","tag-krasj","tag-ulukke","tag-utforkjring"],"share_on_mastodon":{"url":"","error":""},"_links":{"self":[{"href":"https:\/\/dalstroka-innafor.net\/index.php?rest_route=\/wp\/v2\/posts\/1690","targetHints":{"allow":["GET"]}}],"collection":[{"href":"https:\/\/dalstroka-innafor.net\/index.php?rest_route=\/wp\/v2\/posts"}],"about":[{"href":"https:\/\/dalstroka-innafor.net\/index.php?rest_route=\/wp\/v2\/types\/post"}],"author":[{"embeddable":true,"href":"https:\/\/dalstroka-innafor.net\/index.php?rest_route=\/wp\/v2\/users\/1"}],"replies":[{"embeddable":true,"href":"https:\/\/dalstroka-innafor.net\/index.php?rest_route=%2Fwp%2Fv2%2Fcomments&post=1690"}],"version-history":[{"count":0,"href":"https:\/\/dalstroka-innafor.net\/index.php?rest_route=\/wp\/v2\/posts\/1690\/revisions"}],"wp:attachment":[{"href":"https:\/\/dalstroka-innafor.net\/index.php?rest_route=%2Fwp%2Fv2%2Fmedia&parent=1690"}],"wp:term":[{"taxonomy":"category","embeddable":true,"href":"https:\/\/dalstroka-innafor.net\/index.php?rest_route=%2Fwp%2Fv2%2Fcategories&post=1690"},{"taxonomy":"post_tag","embeddable":true,"href":"https:\/\/dalstroka-innafor.net\/index.php?rest_route=%2Fwp%2Fv2%2Ftags&post=1690"}],"curies":[{"name":"wp","href":"https:\/\/api.w.org\/{rel}","templated":true}]}}