{"id":157,"date":"2007-05-12T19:33:28","date_gmt":"2007-05-12T18:33:28","guid":{"rendered":"http:\/\/www.dalstroka-innafor.net\/2007\/05\/12\/120507ein-merkedag\/"},"modified":"2007-05-12T19:33:28","modified_gmt":"2007-05-12T18:33:28","slug":"120507ein-merkedag","status":"publish","type":"post","link":"https:\/\/dalstroka-innafor.net\/?p=157","title":{"rendered":"12.05.07&#8230;ein merkedag"},"content":{"rendered":"<p>Det m\u00e5tte jo hende f\u00f8r eller seinare. Og kan hende det var greit at det hende akkurat i dag, sj\u00f8lv om det var litt for mykje folk til stades under seansen. Men faktum er at idag er dagen d\u00e5 unge Sinnes elegant la seg p\u00e5 sida og <strong>tippa rundt i kajakk<\/strong>. Og ikkje nok med det. I f\u00f8rekant, hadde eg sendt avgarde kajakk p\u00e5 kajakk til sj\u00f8s med trygg formaning om at ein ikkje kom til \u00e5 kvelva. Men sj\u00f8lv, som siste mann ut p\u00e5 den bl\u00e5e, blikk stille flata, og med baugen fortsatt ein halv meter inne p\u00e5 land krenga kajakken elegant mot venstre og vips s\u00e5 vart verda merkeleg m\u00f8rk gr\u00f8n og litt for kald. Og ute p\u00e5 fjorden l\u00e5g elleve av mine sampadlarar og kunne skua inn p\u00e5 det heile. Flaut? Det er vel ikkje \u00e5 stikke under ein stol nei.<\/p>\n<p>Men skal ein leite etter \u00e5rsaker, og det skal ein vel gjerne i sj\u00f8fartsulykker&#8230;..ha ei sj\u00f8forklaring liksom, s\u00e5 m\u00e5 det vel vere at eg som den einaste var n\u00f8ydt til \u00e5 kome meg sj\u00f8lv uti vatnet, medan samtlige andre hadde f\u00e5tt skubbehjelp. N\u00e5r d\u00e5 baugen heng godt over vassoverflata og balanserer p\u00e5 sin smalaste egg&#8230;ja d\u00e5 kunne det knapt nok ikkje ha gjenge annleis.<\/p>\n<p>Lukkelegvis hadde eg av ei eller anna \u00e5rsak teke med meg delvis nytt skift, s\u00e5 etter \u00e5 ha kava nokre minutt i vatnet for \u00e5 pr\u00f8ve \u00e5 kome meg opp att p\u00e5 land, forbi det supersleipe omr\u00e5det nedst p\u00e5 landgangen, kom eg meg i det minste inn i litt mindre blaute klede. Og <em>s\u00e5<\/em> kunne omsider Naturas padletur v\u00e5ren 2007 ta fatt. (noko som jo ogs\u00e5 vart ein suksess om eg skal seie det sj\u00f8lv).<\/p>\n<p>(og om nokon skulle ha kjennskap til korleis det er \u00e5 f\u00e5 dekka eit sm\u00e5blaut videokamera og mobiltelefon p\u00e5 reiseforsikring, s\u00e5 tek eg imot tips med glede) \ud83d\ude09<\/p>\n","protected":false},"excerpt":{"rendered":"<p>Det m\u00e5tte jo hende f\u00f8r eller seinare. Og kan hende det var greit at det hende akkurat i dag, sj\u00f8lv om det var litt for mykje folk til stades under seansen. Men faktum er at idag er dagen d\u00e5 unge Sinnes elegant la seg p\u00e5 sida og tippa rundt i kajakk. Og ikkje nok med [&hellip;]<\/p>\n","protected":false},"author":1,"featured_media":0,"comment_status":"open","ping_status":"open","sticky":false,"template":"","format":"standard","meta":{"footnotes":"","_share_on_mastodon":"0"},"categories":[7,9],"tags":[],"class_list":["post-157","post","type-post","status-publish","format-standard","hentry","category-moro","category-personleg"],"share_on_mastodon":{"url":"","error":""},"_links":{"self":[{"href":"https:\/\/dalstroka-innafor.net\/index.php?rest_route=\/wp\/v2\/posts\/157","targetHints":{"allow":["GET"]}}],"collection":[{"href":"https:\/\/dalstroka-innafor.net\/index.php?rest_route=\/wp\/v2\/posts"}],"about":[{"href":"https:\/\/dalstroka-innafor.net\/index.php?rest_route=\/wp\/v2\/types\/post"}],"author":[{"embeddable":true,"href":"https:\/\/dalstroka-innafor.net\/index.php?rest_route=\/wp\/v2\/users\/1"}],"replies":[{"embeddable":true,"href":"https:\/\/dalstroka-innafor.net\/index.php?rest_route=%2Fwp%2Fv2%2Fcomments&post=157"}],"version-history":[{"count":0,"href":"https:\/\/dalstroka-innafor.net\/index.php?rest_route=\/wp\/v2\/posts\/157\/revisions"}],"wp:attachment":[{"href":"https:\/\/dalstroka-innafor.net\/index.php?rest_route=%2Fwp%2Fv2%2Fmedia&parent=157"}],"wp:term":[{"taxonomy":"category","embeddable":true,"href":"https:\/\/dalstroka-innafor.net\/index.php?rest_route=%2Fwp%2Fv2%2Fcategories&post=157"},{"taxonomy":"post_tag","embeddable":true,"href":"https:\/\/dalstroka-innafor.net\/index.php?rest_route=%2Fwp%2Fv2%2Ftags&post=157"}],"curies":[{"name":"wp","href":"https:\/\/api.w.org\/{rel}","templated":true}]}}