{"id":1544,"date":"2010-03-01T17:51:58","date_gmt":"2010-03-01T16:51:58","guid":{"rendered":"http:\/\/www.dalstroka-innafor.net\/?p=1544"},"modified":"2010-03-01T17:51:58","modified_gmt":"2010-03-01T16:51:58","slug":"vinterferien-er-komen-til-endes","status":"publish","type":"post","link":"https:\/\/dalstroka-innafor.net\/?p=1544","title":{"rendered":"Vinterferien er komen til endes&#8230;"},"content":{"rendered":"<p>Teknisk sett er vinterferien 2010 over, men b\u00e5de fr\u00e5 og til arbeid tek eg meg sj\u00f8lv i framleis \u00e5 vere til stades i <a href=\"http:\/\/www.gershwin-theater.com\/?gclid=COyZpu6AmKACFcs-3godygrrdw\" target=\"_blank\">Gerswhin teater<\/a> p\u00e5 Broadway&#8230;mentalt. Eg var og s\u00e5g musikalen &laquo;Wicked&raquo; der. Ikkje ein du har h\u00f8yrd om nei? Det var og litt av grunnen til at eg hadde lyst \u00e5 sj\u00e5 nettopp den. Dei meir kjende veit ein allereie historia p\u00e5&#8230;det gjorde eg ikkje med denne, og d\u00e5 opplever ein noko meir enn kun framsyninga. Det viste seg \u00e5 vera ein suksess i mine auge. Her er eit lite klipp av det som for meg var stykket sitt h\u00f8gdepunkt;<\/p>\n<p style=\"text-align: center;\"><object classid=\"clsid:d27cdb6e-ae6d-11cf-96b8-444553540000\" width=\"425\" height=\"350\" codebase=\"http:\/\/download.macromedia.com\/pub\/shockwave\/cabs\/flash\/swflash.cab#version=6,0,40,0\"><param name=\"src\" value=\"http:\/\/www.youtube.com\/v\/u5NofvjL3Io\" \/><embed type=\"application\/x-shockwave-flash\" width=\"425\" height=\"350\" src=\"http:\/\/www.youtube.com\/v\/u5NofvjL3Io\"><\/embed><\/object><\/p>\n","protected":false},"excerpt":{"rendered":"<p>Teknisk sett er vinterferien 2010 over, men b\u00e5de fr\u00e5 og til arbeid tek eg meg sj\u00f8lv i framleis \u00e5 vere til stades i Gerswhin teater p\u00e5 Broadway&#8230;mentalt. Eg var og s\u00e5g musikalen &laquo;Wicked&raquo; der. Ikkje ein du har h\u00f8yrd om nei? Det var og litt av grunnen til at eg hadde lyst \u00e5 sj\u00e5 nettopp [&hellip;]<\/p>\n","protected":false},"author":1,"featured_media":0,"comment_status":"open","ping_status":"open","sticky":false,"template":"","format":"standard","meta":{"footnotes":"","_share_on_mastodon":"0"},"categories":[11],"tags":[246,489,836,849],"class_list":["post-1544","post","type-post","status-publish","format-standard","hentry","category-reise","tag-gerswhin","tag-musikal","tag-vinterferie","tag-wicked"],"share_on_mastodon":{"url":"","error":""},"_links":{"self":[{"href":"https:\/\/dalstroka-innafor.net\/index.php?rest_route=\/wp\/v2\/posts\/1544","targetHints":{"allow":["GET"]}}],"collection":[{"href":"https:\/\/dalstroka-innafor.net\/index.php?rest_route=\/wp\/v2\/posts"}],"about":[{"href":"https:\/\/dalstroka-innafor.net\/index.php?rest_route=\/wp\/v2\/types\/post"}],"author":[{"embeddable":true,"href":"https:\/\/dalstroka-innafor.net\/index.php?rest_route=\/wp\/v2\/users\/1"}],"replies":[{"embeddable":true,"href":"https:\/\/dalstroka-innafor.net\/index.php?rest_route=%2Fwp%2Fv2%2Fcomments&post=1544"}],"version-history":[{"count":0,"href":"https:\/\/dalstroka-innafor.net\/index.php?rest_route=\/wp\/v2\/posts\/1544\/revisions"}],"wp:attachment":[{"href":"https:\/\/dalstroka-innafor.net\/index.php?rest_route=%2Fwp%2Fv2%2Fmedia&parent=1544"}],"wp:term":[{"taxonomy":"category","embeddable":true,"href":"https:\/\/dalstroka-innafor.net\/index.php?rest_route=%2Fwp%2Fv2%2Fcategories&post=1544"},{"taxonomy":"post_tag","embeddable":true,"href":"https:\/\/dalstroka-innafor.net\/index.php?rest_route=%2Fwp%2Fv2%2Ftags&post=1544"}],"curies":[{"name":"wp","href":"https:\/\/api.w.org\/{rel}","templated":true}]}}