{"id":1530,"date":"2010-02-15T18:14:49","date_gmt":"2010-02-15T17:14:49","guid":{"rendered":"http:\/\/www.dalstroka-innafor.net\/?p=1530"},"modified":"2010-02-15T18:14:49","modified_gmt":"2010-02-15T17:14:49","slug":"vestens-akilles","status":"publish","type":"post","link":"https:\/\/dalstroka-innafor.net\/?p=1530","title":{"rendered":"Vestens akilles"},"content":{"rendered":"<p>Den vestlege verda byggjer heile sin eksistens p\u00e5 \u00f8konomiske interesser. Alt er \u00f8konomi for oss&#8230;eller skulle eg kanskje sei finans om du vil?<\/p>\n<p>I g\u00e5r vart et sittjande etter middagsmaten \u00e5 h\u00f8yra p\u00e5 radio. NRK sin korrespondent i midtausten, Sissel Vold, hadde intervjua muslimske kvinner. Vold var tydeleg overraska over at kvinnene sj\u00f8lv valde \u00e5 g\u00e5 tildekka. Overraskinga var end\u00e5 st\u00f8rre over at dei same kvinnene ville vera heime i staden for \u00e5 arbeida. Den som Vold hadde intervjua utalte at &laquo;vesten tenker bare p\u00e5 penger&raquo;. Personleg tykkjer eg at det er vanskeleg \u00e5 vera usamd i det utsagnet.<\/p>\n<p>D\u00e5 eg i dag kom over f\u00f8lgjande video kjende eg skrivekl\u00f8a kome;<\/p>\n<p><object classid=\"clsid:d27cdb6e-ae6d-11cf-96b8-444553540000\" width=\"425\" height=\"350\" codebase=\"http:\/\/download.macromedia.com\/pub\/shockwave\/cabs\/flash\/swflash.cab#version=6,0,40,0\"><param name=\"src\" value=\"http:\/\/www.youtube.com\/v\/bqz3R1NpXzM\" \/><embed type=\"application\/x-shockwave-flash\" width=\"425\" height=\"350\" src=\"http:\/\/www.youtube.com\/v\/bqz3R1NpXzM\"><\/embed><\/object><\/p>\n<p>Kvart evige \u00e5r h\u00f8yrer ein multinasjonale selskap klage eller skryte over rekordtal. I fjor vart ein vitne til eit sytekor utan like d\u00e5 finanskrisa slo til. Eit \u00e5r etter kunne ein tru at det heile ikkje hadde funne stad. Men er det verkeleg slik, at ein kan forvente at innteninga kvart \u00e5r skal n\u00e5 nye h\u00f8gder? Ikkje i f\u00f8lgje marsvinteorien!<\/p>\n<p>Heller ikkje i f\u00f8lgje ein film eg kom over for nokre \u00e5r sidan. Filmen har den passande tittelen &laquo;The Corporation&raquo;. Den gjev eit godt innblikk i bakgrunnen for dei multinasjonale selskapa som eksisterer i dag, og kvifor aksjeselskap i det heile tatt eksisterer.<\/p>\n<p><object classid=\"clsid:d27cdb6e-ae6d-11cf-96b8-444553540000\" width=\"425\" height=\"350\" codebase=\"http:\/\/download.macromedia.com\/pub\/shockwave\/cabs\/flash\/swflash.cab#version=6,0,40,0\"><param name=\"src\" value=\"http:\/\/www.youtube.com\/v\/Pin8fbdGV9Y\" \/><embed type=\"application\/x-shockwave-flash\" width=\"425\" height=\"350\" src=\"http:\/\/www.youtube.com\/v\/Pin8fbdGV9Y\"><\/embed><\/object><\/p>\n<p>Alt i alt&#8230;eg sit att med ei kjensle av at ting er &laquo;fole&raquo; galt her i vest. Filmen &laquo;Matrix&raquo; har fors\u00e5vidt eit treffande poeng i at mennesket er eit virus. Det er dog ikkje alle sortar menneske som er det. Men n\u00e5r me endar opp med \u00e5 vera s\u00e5 langt i fr\u00e5 det med eigentleg er ein del av, naturen, at borna v\u00e5re ikkje lenger veit anna enn at mj\u00f8lka kjem i fr\u00e5 butikken, og kj\u00f8tet p\u00e5 eit eller anna magisk vis dukkar opp i butikkane&#8230;det er d\u00e5 me har eit problem. Det problemet er st\u00f8rre enn alle overskot!<\/p>\n","protected":false},"excerpt":{"rendered":"<p>Den vestlege verda byggjer heile sin eksistens p\u00e5 \u00f8konomiske interesser. Alt er \u00f8konomi for oss&#8230;eller skulle eg kanskje sei finans om du vil? I g\u00e5r vart et sittjande etter middagsmaten \u00e5 h\u00f8yra p\u00e5 radio. NRK sin korrespondent i midtausten, Sissel Vold, hadde intervjua muslimske kvinner. Vold var tydeleg overraska over at kvinnene sj\u00f8lv valde \u00e5 [&hellip;]<\/p>\n","protected":false},"author":1,"featured_media":0,"comment_status":"open","ping_status":"open","sticky":false,"template":"","format":"standard","meta":{"footnotes":"","_share_on_mastodon":"0"},"categories":[9,10,15],"tags":[35,549,629,898],"class_list":["post-1530","post","type-post","status-publish","format-standard","hentry","category-personleg","category-politikk","category-konomi","tag-aksjeselskap","tag-overskot","tag-samfunn","tag-konomi"],"share_on_mastodon":{"url":"","error":""},"_links":{"self":[{"href":"https:\/\/dalstroka-innafor.net\/index.php?rest_route=\/wp\/v2\/posts\/1530","targetHints":{"allow":["GET"]}}],"collection":[{"href":"https:\/\/dalstroka-innafor.net\/index.php?rest_route=\/wp\/v2\/posts"}],"about":[{"href":"https:\/\/dalstroka-innafor.net\/index.php?rest_route=\/wp\/v2\/types\/post"}],"author":[{"embeddable":true,"href":"https:\/\/dalstroka-innafor.net\/index.php?rest_route=\/wp\/v2\/users\/1"}],"replies":[{"embeddable":true,"href":"https:\/\/dalstroka-innafor.net\/index.php?rest_route=%2Fwp%2Fv2%2Fcomments&post=1530"}],"version-history":[{"count":0,"href":"https:\/\/dalstroka-innafor.net\/index.php?rest_route=\/wp\/v2\/posts\/1530\/revisions"}],"wp:attachment":[{"href":"https:\/\/dalstroka-innafor.net\/index.php?rest_route=%2Fwp%2Fv2%2Fmedia&parent=1530"}],"wp:term":[{"taxonomy":"category","embeddable":true,"href":"https:\/\/dalstroka-innafor.net\/index.php?rest_route=%2Fwp%2Fv2%2Fcategories&post=1530"},{"taxonomy":"post_tag","embeddable":true,"href":"https:\/\/dalstroka-innafor.net\/index.php?rest_route=%2Fwp%2Fv2%2Ftags&post=1530"}],"curies":[{"name":"wp","href":"https:\/\/api.w.org\/{rel}","templated":true}]}}