{"id":1521,"date":"2010-02-02T18:48:08","date_gmt":"2010-02-02T17:48:08","guid":{"rendered":"http:\/\/www.dalstroka-innafor.net\/?p=1521"},"modified":"2010-02-02T18:48:08","modified_gmt":"2010-02-02T17:48:08","slug":"krav-i-skulen","status":"publish","type":"post","link":"https:\/\/dalstroka-innafor.net\/?p=1521","title":{"rendered":"Krav i skulen"},"content":{"rendered":"<p><img loading=\"lazy\" decoding=\"async\" class=\"alignright\" style=\"margin: 5px; border: 3px solid black;\" title=\"Frustrert....eg?\" src=\"http:\/\/i.telegraph.co.uk\/telegraph\/multimedia\/archive\/01379\/frustrated_teacher_1379554c.jpg\" alt=\"\" width=\"460\" height=\"288\" \/>Kven stiller krav til dei h\u00f8ge herrar som aller n\u00e5digast let norske l\u00e6rarar f\u00e5 tilgang p\u00e5 verdsveven? Eg kjenner ikkje mange som har engasjement til overs for \u00e5 ta opp ein &laquo;kamp&raquo; med sin arbeidsgjevars IKT-garde for \u00e5 betre dei digitale tilh\u00f8va i skulen. Gjer du?<\/p>\n<p>Det provoserer temmelig mykje, ca. 1000 faktisk, at l\u00e6rarar fortsatt vert sett p\u00e5 som ein stereotypi: ein gjeng med digitale naut. Eit ti\u00e5r er g\u00e5tt sidan det verkeleg begynte \u00e5 ta av, men end\u00e5 er det inga opplett \u00e5 spore i horisonten.<\/p>\n<p>Ein start ville vere \u00e5 sp\u00f8rje; &laquo;Kva treng de?&raquo; I staden lev og \u00e5ndar ein etter den gamle regla om at &laquo;du f\u00e5r ta det du f\u00e5r.&raquo;<\/p>\n<p>For \u00e5 svare p\u00e5 mitt eige sp\u00f8rsm\u00e5l: eg treng eit verkty som eg kan gjere det eg sj\u00f8lv vil med&#8230;utan at det kjem reimer og gaffateip med p\u00e5 kj\u00f8pet, som eg m\u00e5 stroppast fast i f\u00f8r bruk. Pretty please?<\/p>\n","protected":false},"excerpt":{"rendered":"<p>Kven stiller krav til dei h\u00f8ge herrar som aller n\u00e5digast let norske l\u00e6rarar f\u00e5 tilgang p\u00e5 verdsveven? Eg kjenner ikkje mange som har engasjement til overs for \u00e5 ta opp ein &laquo;kamp&raquo; med sin arbeidsgjevars IKT-garde for \u00e5 betre dei digitale tilh\u00f8va i skulen. Gjer du? Det provoserer temmelig mykje, ca. 1000 faktisk, at l\u00e6rarar [&hellip;]<\/p>\n","protected":false},"author":1,"featured_media":0,"comment_status":"open","ping_status":"open","sticky":false,"template":"","format":"standard","meta":{"footnotes":"","_share_on_mastodon":"0"},"categories":[4],"tags":[154,891,675],"class_list":["post-1521","post","type-post","status-publish","format-standard","hentry","category-ikt","tag-digital-frustrasjon","tag-ikt","tag-skule"],"share_on_mastodon":{"url":"","error":""},"_links":{"self":[{"href":"https:\/\/dalstroka-innafor.net\/index.php?rest_route=\/wp\/v2\/posts\/1521","targetHints":{"allow":["GET"]}}],"collection":[{"href":"https:\/\/dalstroka-innafor.net\/index.php?rest_route=\/wp\/v2\/posts"}],"about":[{"href":"https:\/\/dalstroka-innafor.net\/index.php?rest_route=\/wp\/v2\/types\/post"}],"author":[{"embeddable":true,"href":"https:\/\/dalstroka-innafor.net\/index.php?rest_route=\/wp\/v2\/users\/1"}],"replies":[{"embeddable":true,"href":"https:\/\/dalstroka-innafor.net\/index.php?rest_route=%2Fwp%2Fv2%2Fcomments&post=1521"}],"version-history":[{"count":0,"href":"https:\/\/dalstroka-innafor.net\/index.php?rest_route=\/wp\/v2\/posts\/1521\/revisions"}],"wp:attachment":[{"href":"https:\/\/dalstroka-innafor.net\/index.php?rest_route=%2Fwp%2Fv2%2Fmedia&parent=1521"}],"wp:term":[{"taxonomy":"category","embeddable":true,"href":"https:\/\/dalstroka-innafor.net\/index.php?rest_route=%2Fwp%2Fv2%2Fcategories&post=1521"},{"taxonomy":"post_tag","embeddable":true,"href":"https:\/\/dalstroka-innafor.net\/index.php?rest_route=%2Fwp%2Fv2%2Ftags&post=1521"}],"curies":[{"name":"wp","href":"https:\/\/api.w.org\/{rel}","templated":true}]}}