{"id":1519,"date":"2010-01-27T21:46:52","date_gmt":"2010-01-27T20:46:52","guid":{"rendered":"http:\/\/www.dalstroka-innafor.net\/?p=1519"},"modified":"2010-01-27T21:46:52","modified_gmt":"2010-01-27T20:46:52","slug":"er-det-sa-effektivt","status":"publish","type":"post","link":"https:\/\/dalstroka-innafor.net\/?p=1519","title":{"rendered":"Er det s\u00e5 effektivt?"},"content":{"rendered":"<p>Eg har lyst \u00e5 ta deg med p\u00e5 eit tankeeksperiment. Sj\u00e5 for deg dette. Kvar dag f\u00f8r du kan ta til med dagens arbeid, er du n\u00f8ydt til \u00e5 vente 4 minutt p\u00e5 at verktyget ditt skal verte operativt. 4 minutt er d\u00e5 ikkje mykje seier du. Men alt handlar om \u00e5 sj\u00e5 ting i perspektiv.<\/p>\n<p>4 minutt er sj\u00f8lvsagt ikkje mykje i det lange l\u00f8p. Men multipliserer ein dei 4 minutta med 30 (talet p\u00e5 l\u00e6rarar p\u00e5 ein t\u00e5leg stor skule) er ein oppe i 120 minutt. Det er lengre enn ein fotballkamp <em>med<\/em> innlagd pause og tillegg i tida. Men dette er berre i l\u00f8pet av ein dag.<\/p>\n<p>Gang dei 120 minutt med talet p\u00e5 arbeidsdagar, alts\u00e5 5, og ein luktar ganske snart p\u00e5 eit halvt d\u00f8ger. Ta dette att, og gang med talet arbeidsveker i ein m\u00e5nad, og ein er med eit over dei 37,5 timane som ei normal\u00a0arbeidsveke inneheld. P\u00e5 eit skule\u00e5r vert dette 400 timar.<\/p>\n<p>S\u00e5 er sp\u00f8rsm\u00e5let&#8230;tykkjer <em>du<\/em> det er greit \u00e5 nytte 400 timar i \u00e5ret p\u00e5 \u00e5 vente p\u00e5 at hamaren skal verte hamreklar, eller at kassaapparatet skal snurrast i gang? Eg plagast i alle fall med ein slik situasjon.<\/p>\n<p><strong>Eva Bratvold<\/strong> etterlyser ein personleg datamaskin i sin bloggpost &laquo;<em><a href=\"http:\/\/evabra.wordpress.com\/2010\/01\/27\/jeg-vil-ha-revolusjon-tror-jeg\/\" target=\"_blank\">Jeg vil ha en revolusjon (tror jeg)<\/a><\/em>&laquo;. For sj\u00f8lv om det er meir datamaskinar ute i skulenoreg enn nokon gong, s\u00e5 er det langt i fr\u00e5 at realiteten er at det er ein <em>personleg datamaskin<\/em> til kvar elev. Som ho skriv;<\/p>\n<blockquote><p><em>&laquo;Hvis jeg p\u00e5 jobb skulle ha tilgang et par ganger\/et par timer i uka til data \u2013 og jeg i tillegg skulle v\u00e6re avhengig av \u00e5 dele maskin med andre; da hadde det blitt lite effektiv jobbing for min del. Jeg er n\u00f8dt til \u00e5 la bruk v\u00e6re en naturlig del av dagen, mitt arbeidsverkt\u00f8y \u2013 og\u00a0 jeg vil gj\u00f8re de innstillinger som jeg vil ha for at det fungerer best for meg.&raquo;<\/em><\/p><\/blockquote>\n<p>Nettopp denne problemstillinga vart nok ein gong aktualisert for meg i dag, d\u00e5 l\u00e6rarrommet fekk nok ein kollega inn d\u00f8rene. At me vart ein meir er berre fint tykkjer eg, men det fylgjer ikkje ein PC med kvar l\u00e6rar. Dette betyr at opp mot seks vaksne m\u00e5 dele tre stasjon\u00e6re datamaskinar. Langt i fr\u00e5 optimalt, og noko ein kunne ha skrive ein eigen bloggpost om fors\u00e5vidt, men det f\u00e5r bli p\u00e5 oppmoding i s\u00e5 fall.<\/p>\n<p>Det hadde vore artig \u00e5 visst om <a href=\"http:\/\/twitter.com\/JensStoltenberg\" target=\"_blank\">Jens<\/a>, <a href=\"http:\/\/twitter.com\/SVKristin\" target=\"_blank\">Kristin<\/a>, <a href=\"http:\/\/www2.sola.kommune.no\/webv2.nsf\/9878b56b1fd40d74c12574f90077711e\/67dc8550ec96fc57c12574f9007aec4d!OpenDocument\" target=\"_blank\">John<\/a> hadde vore n\u00f8gde med slike arbeidstilh\u00f8ve?<\/p>\n<p>Eg endte opp med \u00e5 filma heile seansen i dag. Hugs ogs\u00e5 at det tok 80+ sekund \u00e5 f\u00e5 datamaskina til det punktet der videoen startar. Det er med andre ord <em>ikkje<\/em> r\u00e5d \u00e5 sette han til \u00e5 starte automatisk p\u00e5 ei gitt tidspunkt.<\/p>\n<p style=\"text-align: center;\"><object classid=\"clsid:d27cdb6e-ae6d-11cf-96b8-444553540000\" width=\"425\" height=\"350\" codebase=\"http:\/\/download.macromedia.com\/pub\/shockwave\/cabs\/flash\/swflash.cab#version=6,0,40,0\"><param name=\"src\" value=\"http:\/\/www.youtube.com\/v\/uMZ4KenXwWA\" \/><embed type=\"application\/x-shockwave-flash\" width=\"425\" height=\"350\" src=\"http:\/\/www.youtube.com\/v\/uMZ4KenXwWA\"><\/embed><\/object><\/p>\n","protected":false},"excerpt":{"rendered":"<p>Eg har lyst \u00e5 ta deg med p\u00e5 eit tankeeksperiment. Sj\u00e5 for deg dette. Kvar dag f\u00f8r du kan ta til med dagens arbeid, er du n\u00f8ydt til \u00e5 vente 4 minutt p\u00e5 at verktyget ditt skal verte operativt. 4 minutt er d\u00e5 ikkje mykje seier du. Men alt handlar om \u00e5 sj\u00e5 ting i [&hellip;]<\/p>\n","protected":false},"author":1,"featured_media":0,"comment_status":"open","ping_status":"open","sticky":false,"template":"","format":"standard","meta":{"footnotes":"","_share_on_mastodon":"0"},"categories":[2,4],"tags":[178,891,540,675],"class_list":["post-1519","post","type-post","status-publish","format-standard","hentry","category-arbeid","category-ikt","tag-effektivitet","tag-ikt","tag-oppstart","tag-skule"],"share_on_mastodon":{"url":"","error":""},"_links":{"self":[{"href":"https:\/\/dalstroka-innafor.net\/index.php?rest_route=\/wp\/v2\/posts\/1519","targetHints":{"allow":["GET"]}}],"collection":[{"href":"https:\/\/dalstroka-innafor.net\/index.php?rest_route=\/wp\/v2\/posts"}],"about":[{"href":"https:\/\/dalstroka-innafor.net\/index.php?rest_route=\/wp\/v2\/types\/post"}],"author":[{"embeddable":true,"href":"https:\/\/dalstroka-innafor.net\/index.php?rest_route=\/wp\/v2\/users\/1"}],"replies":[{"embeddable":true,"href":"https:\/\/dalstroka-innafor.net\/index.php?rest_route=%2Fwp%2Fv2%2Fcomments&post=1519"}],"version-history":[{"count":0,"href":"https:\/\/dalstroka-innafor.net\/index.php?rest_route=\/wp\/v2\/posts\/1519\/revisions"}],"wp:attachment":[{"href":"https:\/\/dalstroka-innafor.net\/index.php?rest_route=%2Fwp%2Fv2%2Fmedia&parent=1519"}],"wp:term":[{"taxonomy":"category","embeddable":true,"href":"https:\/\/dalstroka-innafor.net\/index.php?rest_route=%2Fwp%2Fv2%2Fcategories&post=1519"},{"taxonomy":"post_tag","embeddable":true,"href":"https:\/\/dalstroka-innafor.net\/index.php?rest_route=%2Fwp%2Fv2%2Ftags&post=1519"}],"curies":[{"name":"wp","href":"https:\/\/api.w.org\/{rel}","templated":true}]}}