{"id":1499,"date":"2009-12-26T13:50:52","date_gmt":"2009-12-26T12:50:52","guid":{"rendered":"http:\/\/www.dalstroka-innafor.net\/?p=1499"},"modified":"2009-12-26T13:50:52","modified_gmt":"2009-12-26T12:50:52","slug":"juleand-i-sirdal","status":"publish","type":"post","link":"https:\/\/dalstroka-innafor.net\/?p=1499","title":{"rendered":"Jule\u00e5nd i Sirdal"},"content":{"rendered":"<p>I dag starta eg dagen med \u00e5 <a title=\"Bruk og kast-samfunnet\" href=\"http:\/\/www.aftenposten.no\/nyheter\/iriks\/article3437468.ece\" target=\"_blank\">lesa om korleis folk kastar fullt brukbare saker<\/a>, for \u00e5 f\u00e5 plass til julas nyerhverva duppedittar. At folk kan kvitta seg med s\u00e5 mykje brukbare sakar og ting berre fordi dei ikkje er siste skrik, det er for meg ufatteleg.<\/p>\n<p>Ironien er difor til \u00e5 ta og f\u00f8le p\u00e5 n\u00e5r det, medan eg skufflar bort siste sn\u00f8fall, kjem ein BMW Suv opp i tunet. D\u00f8ra g\u00e5r opp, og hyttemannen slenger ut om eg har behov for eit gamal fjernsyn til ei utleigehytte. Tanken hans er jo i utgangspunktet god, for all del. Men likevel tykkjer eg det syner litt av haldninga til &laquo;byfolk&raquo;.<\/p>\n<p>Det m\u00e5 ogs\u00e5 seiast at d\u00e5 eg takka nei, kvitterte han ut med at &laquo;D\u00e5 kast&#8217;eg an der ude.&raquo; &laquo;Der ude&raquo; vil i dette tilfellet seie Sirdals flott velkomst til alle tilreisande; 5 flotte, gr\u00f8ne kontainarar som er plassert midt i \u00e5synet p\u00e5 ein n\u00e5r ein kjem fram til Sirdal.<\/p>\n<p>Eg f\u00f8reslo Fretex, men i tr\u00e5d med generell norsk giddalause og forbruksmentalitet, er det nok for mykje stress bak eit slikt initiativ. D\u00e5 er det betre \u00e5 slenga &laquo;den gamle driten&raquo; i containaren som st\u00e5r s\u00e5 lageleg til, slik ein gjer med alt anna ein ikkje vil ha.<\/p>\n<p>Det er alts\u00e5 to tankegangar eg slit med \u00e5 ta til meg;<\/p>\n<ol>\n<li>Kvifor kaste fullt brukbare saker p\u00e5 dynga?<\/li>\n<li>Kvifor har ikkje Sirdal kommune sortering av hytterenovasjonen?<\/li>\n<\/ol>\n<p>Pr. i dag vert avfall som er for tungvindt \u00e5 kvitte seg med i meir urbane str\u00f8k, dumpa i utkantsstroka fordi det er lettvint. Slikt ser ein i Afrika, og slikt ser ein i Sirdal. Heilt glittrande. Ha ei fortsatt god jul.<\/p>\n","protected":false},"excerpt":{"rendered":"<p>I dag starta eg dagen med \u00e5 lesa om korleis folk kastar fullt brukbare saker, for \u00e5 f\u00e5 plass til julas nyerhverva duppedittar. At folk kan kvitta seg med s\u00e5 mykje brukbare sakar og ting berre fordi dei ikkje er siste skrik, det er for meg ufatteleg. Ironien er difor til \u00e5 ta og f\u00f8le [&hellip;]<\/p>\n","protected":false},"author":1,"featured_media":0,"comment_status":"open","ping_status":"open","sticky":false,"template":"","format":"standard","meta":{"footnotes":"","_share_on_mastodon":"0"},"categories":[10,15],"tags":[252,268,610],"class_list":["post-1499","post","type-post","status-publish","format-standard","hentry","category-politikk","category-konomi","tag-gjennbruk","tag-grn-kvardag","tag-renovasjon"],"share_on_mastodon":{"url":"","error":""},"_links":{"self":[{"href":"https:\/\/dalstroka-innafor.net\/index.php?rest_route=\/wp\/v2\/posts\/1499","targetHints":{"allow":["GET"]}}],"collection":[{"href":"https:\/\/dalstroka-innafor.net\/index.php?rest_route=\/wp\/v2\/posts"}],"about":[{"href":"https:\/\/dalstroka-innafor.net\/index.php?rest_route=\/wp\/v2\/types\/post"}],"author":[{"embeddable":true,"href":"https:\/\/dalstroka-innafor.net\/index.php?rest_route=\/wp\/v2\/users\/1"}],"replies":[{"embeddable":true,"href":"https:\/\/dalstroka-innafor.net\/index.php?rest_route=%2Fwp%2Fv2%2Fcomments&post=1499"}],"version-history":[{"count":0,"href":"https:\/\/dalstroka-innafor.net\/index.php?rest_route=\/wp\/v2\/posts\/1499\/revisions"}],"wp:attachment":[{"href":"https:\/\/dalstroka-innafor.net\/index.php?rest_route=%2Fwp%2Fv2%2Fmedia&parent=1499"}],"wp:term":[{"taxonomy":"category","embeddable":true,"href":"https:\/\/dalstroka-innafor.net\/index.php?rest_route=%2Fwp%2Fv2%2Fcategories&post=1499"},{"taxonomy":"post_tag","embeddable":true,"href":"https:\/\/dalstroka-innafor.net\/index.php?rest_route=%2Fwp%2Fv2%2Ftags&post=1499"}],"curies":[{"name":"wp","href":"https:\/\/api.w.org\/{rel}","templated":true}]}}