{"id":148,"date":"2007-05-10T07:03:52","date_gmt":"2007-05-10T06:03:52","guid":{"rendered":"http:\/\/www.dalstroka-innafor.net\/2007\/05\/10\/nokre-glimt-fra-paskeferien\/"},"modified":"2007-05-10T07:03:52","modified_gmt":"2007-05-10T06:03:52","slug":"nokre-glimt-fra-paskeferien","status":"publish","type":"post","link":"https:\/\/dalstroka-innafor.net\/?p=148","title":{"rendered":"Nokre glimt fr\u00e5 p\u00e5skeferien.."},"content":{"rendered":"<p>&laquo;Betre seint enn aldri&raquo; heiter det. Og n\u00e5r eg no har f\u00e5tt litt pusterom etter \u00e5 ha skreve ferdig den store, stygge oppg\u00e5va i musikk, s\u00e5 kunne det kanskje gjere seg med nokre nostalgiske tilbakeblikk p\u00e5 <strong>v\u00e5rsleppet<\/strong> heime i p\u00e5ska&#8230;<\/p>\n<div><a href=\"http:\/\/www.dalstroka-innafor.net\/wp-content\/uploads\/2007\/05\/p4150005.JPG\" rel=\"lightbox[vaarglimt]\" title=\"Krokus\u2026eit sikkert teikn p\u00e5 at det er v\u00e5r.\"><img loading=\"lazy\" decoding=\"async\" src=\"http:\/\/www.dalstroka-innafor.net\/wp-content\/uploads\/2007\/05\/p4150005.thumbnail.JPG\" alt=\"Krokus\u2026eit sikkert teikn p\u00e5 at det er v\u00e5r.\" class=\"imageframe\" style=\"margin-left: auto; margin-right: auto\" height=\"150\" width=\"200\" \/><\/a><a href=\"http:\/\/www.dalstroka-innafor.net\/wp-content\/uploads\/2007\/05\/p4150008.JPG\" rel=\"lightbox[vaarglimt]\" title=\"Hane-Pane sjekkar ut forholda\"><img loading=\"lazy\" decoding=\"async\" src=\"http:\/\/www.dalstroka-innafor.net\/wp-content\/uploads\/2007\/05\/p4150008.thumbnail.JPG\" alt=\"Hane-Pane sjekkar ut forholda\" class=\"imageframe\" style=\"margin-left: auto; margin-right: auto\" height=\"150\" width=\"200\" \/><\/a><a href=\"http:\/\/www.dalstroka-innafor.net\/wp-content\/uploads\/2007\/05\/p4150016.JPG\" rel=\"lightbox[vaarglimt]\" title=\"Samtidig testar Pusekaninen \u00e5rets plen\u2026\"><img loading=\"lazy\" decoding=\"async\" src=\"http:\/\/www.dalstroka-innafor.net\/wp-content\/uploads\/2007\/05\/p4150016.thumbnail.JPG\" alt=\"Samtidig testar Pusekaninen \u00e5rets plen\u2026\" class=\"imageframe\" style=\"margin-left: auto; margin-right: auto\" height=\"150\" width=\"200\" \/><\/a><a href=\"http:\/\/www.dalstroka-innafor.net\/wp-content\/uploads\/2007\/05\/p4150019.JPG\" rel=\"lightbox[vaarglimt]\" title=\"Heile karnevalet samla p\u00e5 ei fj\u00f8l\"><img loading=\"lazy\" decoding=\"async\" src=\"http:\/\/www.dalstroka-innafor.net\/wp-content\/uploads\/2007\/05\/p4150019.thumbnail.JPG\" alt=\"Heile karnevalet samla p\u00e5 ei fj\u00f8l\" class=\"imageframe\" style=\"margin-left: auto; margin-right: auto\" height=\"150\" width=\"200\" \/><\/a><a href=\"http:\/\/www.dalstroka-innafor.net\/wp-content\/uploads\/2007\/05\/p4150022.JPG\" rel=\"lightbox[vaarglimt]\" title=\"Nok eit bilete av heile flokken\"><img loading=\"lazy\" decoding=\"async\" src=\"http:\/\/www.dalstroka-innafor.net\/wp-content\/uploads\/2007\/05\/p4150022.thumbnail.JPG\" alt=\"Nok eit bilete av heile flokken\" class=\"imageframe\" style=\"margin-left: auto; margin-right: auto\" height=\"150\" width=\"200\" \/><\/a><a href=\"http:\/\/www.dalstroka-innafor.net\/wp-content\/uploads\/2007\/05\/p4150030.JPG\" rel=\"lightbox[vaarglimt]\" title=\"\u201cKven trur han at han er denne bleikingen utan horn?\u201d\"><img loading=\"lazy\" decoding=\"async\" src=\"http:\/\/www.dalstroka-innafor.net\/wp-content\/uploads\/2007\/05\/p4150030.thumbnail.JPG\" alt=\"\u201cKven trur han at han er denne bleikingen utan horn?\u201d\" class=\"imageframe\" style=\"margin-left: auto; margin-right: auto\" height=\"200\" width=\"150\" \/><\/a><a href=\"http:\/\/www.dalstroka-innafor.net\/wp-content\/uploads\/2007\/05\/p4150044.JPG\" rel=\"lightbox[vaarglimt]\" title=\"Pusekaninen yppar seg\u2026.\"><img loading=\"lazy\" decoding=\"async\" src=\"http:\/\/www.dalstroka-innafor.net\/wp-content\/uploads\/2007\/05\/p4150044.thumbnail.JPG\" alt=\"Pusekaninen yppar seg\u2026.\" class=\"imageframe\" style=\"margin-left: auto; margin-right: auto\" height=\"150\" width=\"200\" \/><\/a><\/div>\n","protected":false},"excerpt":{"rendered":"<p>&laquo;Betre seint enn aldri&raquo; heiter det. Og n\u00e5r eg no har f\u00e5tt litt pusterom etter \u00e5 ha skreve ferdig den store, stygge oppg\u00e5va i musikk, s\u00e5 kunne det kanskje gjere seg med nokre nostalgiske tilbakeblikk p\u00e5 v\u00e5rsleppet heime i p\u00e5ska&#8230;<\/p>\n","protected":false},"author":1,"featured_media":0,"comment_status":"open","ping_status":"open","sticky":false,"template":"","format":"standard","meta":{"footnotes":"","_share_on_mastodon":"0"},"categories":[7,12],"tags":[],"class_list":["post-148","post","type-post","status-publish","format-standard","hentry","category-moro","category-sirdal"],"share_on_mastodon":{"url":"","error":""},"_links":{"self":[{"href":"https:\/\/dalstroka-innafor.net\/index.php?rest_route=\/wp\/v2\/posts\/148","targetHints":{"allow":["GET"]}}],"collection":[{"href":"https:\/\/dalstroka-innafor.net\/index.php?rest_route=\/wp\/v2\/posts"}],"about":[{"href":"https:\/\/dalstroka-innafor.net\/index.php?rest_route=\/wp\/v2\/types\/post"}],"author":[{"embeddable":true,"href":"https:\/\/dalstroka-innafor.net\/index.php?rest_route=\/wp\/v2\/users\/1"}],"replies":[{"embeddable":true,"href":"https:\/\/dalstroka-innafor.net\/index.php?rest_route=%2Fwp%2Fv2%2Fcomments&post=148"}],"version-history":[{"count":0,"href":"https:\/\/dalstroka-innafor.net\/index.php?rest_route=\/wp\/v2\/posts\/148\/revisions"}],"wp:attachment":[{"href":"https:\/\/dalstroka-innafor.net\/index.php?rest_route=%2Fwp%2Fv2%2Fmedia&parent=148"}],"wp:term":[{"taxonomy":"category","embeddable":true,"href":"https:\/\/dalstroka-innafor.net\/index.php?rest_route=%2Fwp%2Fv2%2Fcategories&post=148"},{"taxonomy":"post_tag","embeddable":true,"href":"https:\/\/dalstroka-innafor.net\/index.php?rest_route=%2Fwp%2Fv2%2Ftags&post=148"}],"curies":[{"name":"wp","href":"https:\/\/api.w.org\/{rel}","templated":true}]}}