{"id":1479,"date":"2009-12-10T17:48:24","date_gmt":"2009-12-10T16:48:24","guid":{"rendered":"http:\/\/www.dalstroka-innafor.net\/?p=1479"},"modified":"2009-12-10T17:48:24","modified_gmt":"2009-12-10T16:48:24","slug":"to-much-of-a-good-thing","status":"publish","type":"post","link":"https:\/\/dalstroka-innafor.net\/?p=1479","title":{"rendered":"To much of a good thing?"},"content":{"rendered":"<p>Klokka har vorte 17.32. Det er ikkje f\u00f8r no eg har tid til \u00e5 sj\u00e5 kva som gjeng f\u00f8re seg i Noreg i dag. Dvs&#8230;i det media <em>vel<\/em> \u00e5 fortelje om. Eg m\u00e5tte ta ei oppteljing. <a href=\"http:\/\/www.dagbladet.no\" target=\"_blank\">Dagbladet<\/a> har 50 nyhende p\u00e5 framsida si. Av desse 50, er 28 Obamanews. Over halvparten alts\u00e5. 8 er sportsnyhende og 4 er IT-nytt. Berre ti plassar er tilegna nyhende som har med \u00a0&laquo;dagleglivet&raquo; \u00e5 gjere.<a href=\"http:\/\/www.dalstroka-innafor.net\/wp-content\/uploads\/\/2009\/12\/doodle.png\"><img loading=\"lazy\" decoding=\"async\" class=\"alignright size-medium wp-image-1480\" title=\"Obamanytt\" src=\"http:\/\/www.dalstroka-innafor.net\/wp-content\/uploads\/\/2009\/12\/doodle-300x166.png\" alt=\"Obamanytt\" width=\"300\" height=\"166\" \/><\/a><\/p>\n<p>Greit nok at det ikkje er kvar dag ein deler ut fredsprisar, men stoppar verda opp av den grunn?<\/p>\n<p>Kan nokon hugse kven som fekk fredsprisen i fjor? (Det er ikkje lov \u00e5 jukse&#8230;..)<\/p>\n","protected":false},"excerpt":{"rendered":"<p>Klokka har vorte 17.32. Det er ikkje f\u00f8r no eg har tid til \u00e5 sj\u00e5 kva som gjeng f\u00f8re seg i Noreg i dag. Dvs&#8230;i det media vel \u00e5 fortelje om. Eg m\u00e5tte ta ei oppteljing. Dagbladet har 50 nyhende p\u00e5 framsida si. Av desse 50, er 28 Obamanews. Over halvparten alts\u00e5. 8 er sportsnyhende [&hellip;]<\/p>\n","protected":false},"author":1,"featured_media":0,"comment_status":"open","ping_status":"open","sticky":false,"template":"","format":"standard","meta":{"footnotes":"","_share_on_mastodon":"0"},"categories":[10],"tags":[527],"class_list":["post-1479","post","type-post","status-publish","format-standard","hentry","category-politikk","tag-obama-fredspris-nobel"],"share_on_mastodon":{"url":"","error":""},"_links":{"self":[{"href":"https:\/\/dalstroka-innafor.net\/index.php?rest_route=\/wp\/v2\/posts\/1479","targetHints":{"allow":["GET"]}}],"collection":[{"href":"https:\/\/dalstroka-innafor.net\/index.php?rest_route=\/wp\/v2\/posts"}],"about":[{"href":"https:\/\/dalstroka-innafor.net\/index.php?rest_route=\/wp\/v2\/types\/post"}],"author":[{"embeddable":true,"href":"https:\/\/dalstroka-innafor.net\/index.php?rest_route=\/wp\/v2\/users\/1"}],"replies":[{"embeddable":true,"href":"https:\/\/dalstroka-innafor.net\/index.php?rest_route=%2Fwp%2Fv2%2Fcomments&post=1479"}],"version-history":[{"count":0,"href":"https:\/\/dalstroka-innafor.net\/index.php?rest_route=\/wp\/v2\/posts\/1479\/revisions"}],"wp:attachment":[{"href":"https:\/\/dalstroka-innafor.net\/index.php?rest_route=%2Fwp%2Fv2%2Fmedia&parent=1479"}],"wp:term":[{"taxonomy":"category","embeddable":true,"href":"https:\/\/dalstroka-innafor.net\/index.php?rest_route=%2Fwp%2Fv2%2Fcategories&post=1479"},{"taxonomy":"post_tag","embeddable":true,"href":"https:\/\/dalstroka-innafor.net\/index.php?rest_route=%2Fwp%2Fv2%2Ftags&post=1479"}],"curies":[{"name":"wp","href":"https:\/\/api.w.org\/{rel}","templated":true}]}}