{"id":1419,"date":"2009-10-07T12:20:51","date_gmt":"2009-10-07T10:20:51","guid":{"rendered":"http:\/\/www.dalstroka-innafor.net\/?p=1419"},"modified":"2009-10-07T12:20:51","modified_gmt":"2009-10-07T10:20:51","slug":"meir-om-nettmobbing","status":"publish","type":"post","link":"https:\/\/dalstroka-innafor.net\/?p=1419","title":{"rendered":"Meir om nettmobbing"},"content":{"rendered":"<p>For dei observante lesarane, var alts\u00e5 <a href=\"http:\/\/www.dalstroka-innafor.net\/2009\/10\/06\/resultat-av-a-stenge-for-sosiale-media\/\" target=\"_blank\">g\u00e5rsdagens skriveri fr\u00e5 mi side om \u00e5 stengje tilgangen til nettfora<\/a> som Facebook og liknande, eit <em>ironisk<\/em> sleivspark til styresmaktene.<\/p>\n<p>I dag har <a href=\"http:\/\/www.dagbladet.no\/2009\/10\/06\/nyheter\/innenriks\/mobbing\/facebook\/8453523\/\" target=\"_blank\">Dagbladet ein artikkel om same saka<\/a>. R\u00e5det som vert gjeve i artikkelen er \u00e5 melde saka til politiet, men vil det verkeleg gjera noko med problemet?<\/p>\n<div style=\"float:right;margin-left:5px;\"><img loading=\"lazy\" decoding=\"async\" style=\"border: 5px solid black; margin: 5px;\" src=\"http:\/\/cdn.picapp.com\/ftp\/Images\/0259\/809d147f-1530-4442-aaf7-792c18195df9.jpg?adImageId=4698986&amp;imageId=263123\" border=\"0\" alt=\"Den skal tidlig kr\u00f8kast...\" width=\"320\" height=\"212\" \/><\/div>\n<p>Er det slik ein gjer i r\u00f8ynda n\u00e5r ein ser mobbing&#8230;melder det til politiet, og reknar med at d\u00e5 vert det slutt?<\/p>\n<p>Nei det er nok litt feil veg \u00e5 g\u00e5 er eg redd. Det vil kanskje gjere noko med symptoma for ei tid, men \u00e5 kurere sj\u00f8lve sjukdomen er det langt i fr\u00e5 at det gjer.<\/p>\n<p>Artikkelen til Dagbladet gjer det tydeleg at det er Facebook som er arenaen for mobbinga i Drammen. I den same artikkelen seier forskar ved SINTEF, Petter Bae Brandtz\u00e6g, dette;<\/p>\n<blockquote><p><em>De <\/em>[l\u00e6rarane]<em> har gjerne ikke oversikt over nettmedier. N\u00e5r elever kritiserer dem anonymt, blir kritikken ofte mye krassere enn ellers. Anonymitet f\u00f8rer til at hvem som helst kan kaste en sten, sier Brandtz\u00e6g.<\/em><\/p><\/blockquote>\n<p>Har Brandtz\u00e6g vore p\u00e5 Facebook sj\u00f8lv? Eg er tvilsam, for hadde han vore det, ville han ha merka seg ein ting&#8230;sosiale fora har utvikla seg sidan 90-talet og IRC med sine <em>nick<\/em>. I dag er det \u00e5 ha ein digital profil, ein <em>autentisk<\/em> ein, eit must. Folk kryp ikkje lenger rundt i nettskya og g\u00f8ymer seg bak kallenamn. I alle fall ikkje p\u00e5 Facebook.<\/p>\n<p>Men det handlar om kompetanse. Som alltid. Kva kan elevane eigentleg? I mi tid p\u00e5 barneskulen var Internett nytt og spanande. Nokre gutar i klassa var h\u00f8ge p\u00e5 p\u00e6ra skreiv ein &laquo;anonym&raquo; epost til frontfiguren i eit lokalt band der innhaldet nok i dag ville ha vorte karakterisert som mobbing. Der og d\u00e5 s\u00e5 dei nok p\u00e5 seg sj\u00f8lv som kule og barske&#8230;dei var jo <em>hackarar<\/em>. D\u00e5 det gjekk opp for dei at dei hadde vorte avsl\u00f8rt fekk pipa ein annan lyd.<\/p>\n<p>Eg likar ikkje \u00e5 skrive kommentarar slik som dette, for det vert berre ord. Nye ord. Fleire ord. <em><strong>Det er ikkje det som trengst!<\/strong> <\/em>Ein <em>m\u00e5<\/em> skape gode haldningar hj\u00e5 dei sm\u00e5 allereie fr\u00e5 tidleg alder. D\u00e5 m\u00e5 ein som forelder og vaksen vere klar over kva ungen gjer p\u00e5 nett. Ein b\u00f8r rettleie, engasjera og motivera gjennom \u00e5 vera i forkant.<\/p>\n<p>Kanskje kan slike ting som <a href=\"http:\/\/www.brukhue.com\/\" target=\"_blank\">Bruk Hue<\/a> vera noko som kan vera med p\u00e5 \u00e5 bidra til eit godt grunnlag for podens digitale kompetanse? Eller kva med <a href=\"http:\/\/www.medietilsynet.no\/no\/Trygg-bruk\/\" target=\"_blank\">Medietilsynet sine Trygg Bruk-sider<\/a>? Lurer du p\u00e5 kva du treng \u00e5 kunna for \u00e5 imponera junior? I s\u00e5 fall har bloggaren Eva laga <a href=\"http:\/\/evabra.wordpress.com\/2009\/10\/04\/hvilke-ikt-ferdigheter-b%C3%B8r-man-l%C3%A6re-seg\/\" target=\"_blank\">nokre gode retningsliner for kva ein kan starta med<\/a>.<\/p>\n","protected":false},"excerpt":{"rendered":"<p>For dei observante lesarane, var alts\u00e5 g\u00e5rsdagens skriveri fr\u00e5 mi side om \u00e5 stengje tilgangen til nettfora som Facebook og liknande, eit ironisk sleivspark til styresmaktene. I dag har Dagbladet ein artikkel om same saka. R\u00e5det som vert gjeve i artikkelen er \u00e5 melde saka til politiet, men vil det verkeleg gjera noko med problemet? [&hellip;]<\/p>\n","protected":false},"author":1,"featured_media":0,"comment_status":"open","ping_status":"open","sticky":false,"template":"","format":"standard","meta":{"footnotes":"","_share_on_mastodon":"0"},"categories":[4,13],"tags":[155,482,508],"class_list":["post-1419","post","type-post","status-publish","format-standard","hentry","category-ikt","category-utdanning","tag-digital-kompetanse","tag-mobbing","tag-nettsamfunn"],"share_on_mastodon":{"url":"","error":""},"_links":{"self":[{"href":"https:\/\/dalstroka-innafor.net\/index.php?rest_route=\/wp\/v2\/posts\/1419","targetHints":{"allow":["GET"]}}],"collection":[{"href":"https:\/\/dalstroka-innafor.net\/index.php?rest_route=\/wp\/v2\/posts"}],"about":[{"href":"https:\/\/dalstroka-innafor.net\/index.php?rest_route=\/wp\/v2\/types\/post"}],"author":[{"embeddable":true,"href":"https:\/\/dalstroka-innafor.net\/index.php?rest_route=\/wp\/v2\/users\/1"}],"replies":[{"embeddable":true,"href":"https:\/\/dalstroka-innafor.net\/index.php?rest_route=%2Fwp%2Fv2%2Fcomments&post=1419"}],"version-history":[{"count":0,"href":"https:\/\/dalstroka-innafor.net\/index.php?rest_route=\/wp\/v2\/posts\/1419\/revisions"}],"wp:attachment":[{"href":"https:\/\/dalstroka-innafor.net\/index.php?rest_route=%2Fwp%2Fv2%2Fmedia&parent=1419"}],"wp:term":[{"taxonomy":"category","embeddable":true,"href":"https:\/\/dalstroka-innafor.net\/index.php?rest_route=%2Fwp%2Fv2%2Fcategories&post=1419"},{"taxonomy":"post_tag","embeddable":true,"href":"https:\/\/dalstroka-innafor.net\/index.php?rest_route=%2Fwp%2Fv2%2Ftags&post=1419"}],"curies":[{"name":"wp","href":"https:\/\/api.w.org\/{rel}","templated":true}]}}