{"id":1409,"date":"2009-10-04T13:10:26","date_gmt":"2009-10-04T11:10:26","guid":{"rendered":"http:\/\/www.dalstroka-innafor.net\/?p=1409"},"modified":"2009-10-04T13:10:26","modified_gmt":"2009-10-04T11:10:26","slug":"politikarforakt","status":"publish","type":"post","link":"https:\/\/dalstroka-innafor.net\/?p=1409","title":{"rendered":"Politikarforakt"},"content":{"rendered":"<p>At eg har ei viss form for politikarforakt er vel gjerne ikkje heilt ukjend. Noko av bakgrunnen for dette er mellom anna at det har vorte normalt \u00e5 gjera karriere som nettopp politikar. For samfunnet sin del trur eg ikkje det er eit klokt val. For som det vert sagt i <a href=\"http:\/\/oslo.hoyre.no\/artikler\/2009\/9\/det_skal_lonne_seg_aa_jobbe\" target=\"_blank\">H\u00f8gre sine nettsider<\/a>;<\/p>\n<blockquote><p><em>Det skal l\u00f8nne seg \u00e5 jobbe.<\/em><\/p><\/blockquote>\n<p>No har det seg slik at eg skil mellom det \u00e5 jobbe og det \u00e5 arbeide. Akkurat det er nok i stor grad min gamle l\u00e6rar Magnar Undheim si skuld, men jo meir eg tenkjer p\u00e5 det, jo meir meining gjev det. <em><a href=\"http:\/\/www.dalstroka-innafor.net\/wp-content\/uploads\/\/2009\/10\/hogre_logo.png\"><img loading=\"lazy\" decoding=\"async\" class=\"size-medium wp-image-1411 alignright\" style=\"margin: 5px;\" title=\"Forslag til H\u00f8yres parole: &quot;Det skal l\u00f8nne seg \u00e5 jobbe&quot;\" src=\"http:\/\/www.dalstroka-innafor.net\/wp-content\/uploads\/\/2009\/10\/hogre_logo-300x167.png\" alt=\"Forslag til H\u00f8yres parole: &quot;Det skal l\u00f8nne seg \u00e5 jobbe&quot;\" width=\"300\" height=\"167\" \/><\/a><\/em>For om du ser p\u00e5 ordboksdefinisjonane av dei to orda, vil du leggje merke til at ordet <a href=\"http:\/\/www.dokpro.uio.no\/perl\/ordboksoek\/ordbok.cgi?OPP=arbeide\" target=\"_blank\">arbeid<\/a> er mykje meir konkret enn ordet <a href=\"http:\/\/www.dokpro.uio.no\/perl\/ordboksoek\/ordbok.cgi?OPP=jobbe\" target=\"_blank\">jobbe<\/a>.<\/p>\n<p>Eg veit ikkje om H\u00f8gre har tenkt p\u00e5 det, men halve definisjonen av sj\u00f8lve ordet jobbe er jo faktisk det \u00e5 <em>arbeide<\/em> med aksjar. Med andre ord; flytte papir.<\/p>\n<p>\u00c5 gjere ein <em>jobb<\/em> til eit <em>arbeide<\/em> er for meg ein uting. \u00c5 vere politikar er jo strengt tatt ikkje eingong ein jobb. Det er eit verv. Eit tillitsverv til og med. For \u00e5 g\u00e5 vidare p\u00e5 tilfellet H\u00f8gre&#8230;Per-Kristian Foss har pr. i dag 28 \u00e5r og 120 dagars ansenitet p\u00e5 Stortinget. Han har alts\u00e5 vore lenger p\u00e5 Stortinget enn eg har levd. Og s\u00e5 sp\u00f8r eg meg sj\u00f8lv: har Per-Kristian Foss noko arbeidserfaring i bagasjen? Vel, ja. <a href=\"http:\/\/www.stortinget.no\/no\/Representanter-og-komiteer\/Representantene\/Representantfordeling\/Representant\/?perid=PKF&amp;tab=Biography\" target=\"_blank\">I f\u00f8lgje Stortinget sine sider<\/a> har han heile tre \u00e5r bak seg i journalistpraksis, og eit \u00e5r som konsulent. Eg vert ikkje overtydd.<\/p>\n<p>La meg s\u00e5 koma attende til sporet eg eigentleg er p\u00e5.<\/p>\n<p><img loading=\"lazy\" decoding=\"async\" class=\"alignright\" style=\"border: 5px solid black; margin: 5px;\" title=\"Bilete fr\u00e5 UiB: Anders Johansen\" src=\"http:\/\/www.uib.no\/imagearchive\/personbilde_Anders_Johansen.jpg\" alt=\"Bilete fr\u00e5 UiB: Anders Johansen\" width=\"147\" height=\"202\" \/>F\u00f8r valet i \u00e5r var det mange politiske debattar. I og for seg s\u00e5 er eg ganske n\u00f8gd med at eg kun fekk med meg eit par av dei. Eg tykkjer det er godt gjort n\u00e5r heile medienoreg k\u00f8yrer valkamp for fulle mugger, og politikarorda tyt opp av kvart eit kummelokk. I <a href=\"http:\/\/www.nrk.no\/programmer\/sider\/spraakteigen\/\" target=\"_blank\">Spr\u00e5kteigen<\/a> den 13.09.09 vert politikarspr\u00e5k teke opp som tema, og hadde <a href=\"http:\/\/www.uib.no\/personer\/Anders.Johansen#profil\" target=\"_blank\">Anders Johansen<\/a> vore p\u00e5 val, veit eg i alle fall at han skulle f\u00e5tt mi stemme!<\/p>\n<p>Set av 8 minutt, og h\u00f8yr p\u00e5 kva denne professoren ved UiB har \u00e5 seie om akkurat politikarspr\u00e5k:<\/p>\n[audio:http:\/\/www.dalstroka-innafor.net\/wp-content\/uploads\/\/2009\/10\/politikerspraak.mp3]\n","protected":false},"excerpt":{"rendered":"<p>At eg har ei viss form for politikarforakt er vel gjerne ikkje heilt ukjend. Noko av bakgrunnen for dette er mellom anna at det har vorte normalt \u00e5 gjera karriere som nettopp politikar. For samfunnet sin del trur eg ikkje det er eit klokt val. For som det vert sagt i H\u00f8gre sine nettsider; Det [&hellip;]<\/p>\n","protected":false},"author":1,"featured_media":0,"comment_status":"open","ping_status":"open","sticky":false,"template":"","format":"standard","meta":{"footnotes":"","_share_on_mastodon":"0"},"categories":[2,10],"tags":[],"class_list":["post-1409","post","type-post","status-publish","format-standard","hentry","category-arbeid","category-politikk"],"share_on_mastodon":{"url":"","error":""},"_links":{"self":[{"href":"https:\/\/dalstroka-innafor.net\/index.php?rest_route=\/wp\/v2\/posts\/1409","targetHints":{"allow":["GET"]}}],"collection":[{"href":"https:\/\/dalstroka-innafor.net\/index.php?rest_route=\/wp\/v2\/posts"}],"about":[{"href":"https:\/\/dalstroka-innafor.net\/index.php?rest_route=\/wp\/v2\/types\/post"}],"author":[{"embeddable":true,"href":"https:\/\/dalstroka-innafor.net\/index.php?rest_route=\/wp\/v2\/users\/1"}],"replies":[{"embeddable":true,"href":"https:\/\/dalstroka-innafor.net\/index.php?rest_route=%2Fwp%2Fv2%2Fcomments&post=1409"}],"version-history":[{"count":0,"href":"https:\/\/dalstroka-innafor.net\/index.php?rest_route=\/wp\/v2\/posts\/1409\/revisions"}],"wp:attachment":[{"href":"https:\/\/dalstroka-innafor.net\/index.php?rest_route=%2Fwp%2Fv2%2Fmedia&parent=1409"}],"wp:term":[{"taxonomy":"category","embeddable":true,"href":"https:\/\/dalstroka-innafor.net\/index.php?rest_route=%2Fwp%2Fv2%2Fcategories&post=1409"},{"taxonomy":"post_tag","embeddable":true,"href":"https:\/\/dalstroka-innafor.net\/index.php?rest_route=%2Fwp%2Fv2%2Ftags&post=1409"}],"curies":[{"name":"wp","href":"https:\/\/api.w.org\/{rel}","templated":true}]}}