{"id":1378,"date":"2009-09-16T21:38:50","date_gmt":"2009-09-16T19:38:50","guid":{"rendered":"http:\/\/www.dalstroka-innafor.net\/?p=1378"},"modified":"2009-09-16T21:38:50","modified_gmt":"2009-09-16T19:38:50","slug":"web-2-0-og-skolehverdagen","status":"publish","type":"post","link":"https:\/\/dalstroka-innafor.net\/?p=1378","title":{"rendered":"Web 2.0 og skulekvardagen"},"content":{"rendered":"<p><object classid=\"clsid:d27cdb6e-ae6d-11cf-96b8-444553540000\" width=\"425\" height=\"350\" codebase=\"http:\/\/download.macromedia.com\/pub\/shockwave\/cabs\/flash\/swflash.cab#version=6,0,40,0\"><param name=\"src\" value=\"http:\/\/www.youtube.com\/v\/6ILQrUrEWe8&amp;feature\" \/><embed type=\"application\/x-shockwave-flash\" width=\"425\" height=\"350\" src=\"http:\/\/www.youtube.com\/v\/6ILQrUrEWe8&amp;feature\"><\/embed><\/object><\/p>\n<p>Alt dette&#8230;og likevel nektar\u00a0politikarar rundt omkring i landet \u00e5 tillate web 2.0-innhald i skulane. Dei burde skjemmast. Det er p\u00e5 tide at dei innser at om ein ynsker at elevar skal stille\u00a0f\u00f8rebudd til det livet som m\u00f8ter dei utanfor skulen, s\u00e5 h\u00f8yrer ikkje slike\u00a0avgjersler heime i byr\u00e5kratiet. Det er rett og slett ikkje system med samme tidsperspektiv!<\/p>\n","protected":false},"excerpt":{"rendered":"<p>Alt dette&#8230;og likevel nektar\u00a0politikarar rundt omkring i landet \u00e5 tillate web 2.0-innhald i skulane. Dei burde skjemmast. Det er p\u00e5 tide at dei innser at om ein ynsker at elevar skal stille\u00a0f\u00f8rebudd til det livet som m\u00f8ter dei utanfor skulen, s\u00e5 h\u00f8yrer ikkje slike\u00a0avgjersler heime i byr\u00e5kratiet. Det er rett og slett ikkje system med [&hellip;]<\/p>\n","protected":false},"author":1,"featured_media":0,"comment_status":"open","ping_status":"open","sticky":false,"template":"","format":"standard","meta":{"footnotes":"","_share_on_mastodon":"0"},"categories":[4,10],"tags":[127,891,671,845],"class_list":["post-1378","post","type-post","status-publish","format-standard","hentry","category-ikt","category-politikk","tag-byrakrati","tag-ikt","tag-skole","tag-web-20"],"share_on_mastodon":{"url":"","error":""},"_links":{"self":[{"href":"https:\/\/dalstroka-innafor.net\/index.php?rest_route=\/wp\/v2\/posts\/1378","targetHints":{"allow":["GET"]}}],"collection":[{"href":"https:\/\/dalstroka-innafor.net\/index.php?rest_route=\/wp\/v2\/posts"}],"about":[{"href":"https:\/\/dalstroka-innafor.net\/index.php?rest_route=\/wp\/v2\/types\/post"}],"author":[{"embeddable":true,"href":"https:\/\/dalstroka-innafor.net\/index.php?rest_route=\/wp\/v2\/users\/1"}],"replies":[{"embeddable":true,"href":"https:\/\/dalstroka-innafor.net\/index.php?rest_route=%2Fwp%2Fv2%2Fcomments&post=1378"}],"version-history":[{"count":0,"href":"https:\/\/dalstroka-innafor.net\/index.php?rest_route=\/wp\/v2\/posts\/1378\/revisions"}],"wp:attachment":[{"href":"https:\/\/dalstroka-innafor.net\/index.php?rest_route=%2Fwp%2Fv2%2Fmedia&parent=1378"}],"wp:term":[{"taxonomy":"category","embeddable":true,"href":"https:\/\/dalstroka-innafor.net\/index.php?rest_route=%2Fwp%2Fv2%2Fcategories&post=1378"},{"taxonomy":"post_tag","embeddable":true,"href":"https:\/\/dalstroka-innafor.net\/index.php?rest_route=%2Fwp%2Fv2%2Ftags&post=1378"}],"curies":[{"name":"wp","href":"https:\/\/api.w.org\/{rel}","templated":true}]}}