{"id":1359,"date":"2009-08-25T17:09:25","date_gmt":"2009-08-25T15:09:25","guid":{"rendered":"http:\/\/www.dalstroka-innafor.net\/?p=1359"},"modified":"2009-08-25T17:09:25","modified_gmt":"2009-08-25T15:09:25","slug":"naturvernarar","status":"publish","type":"post","link":"https:\/\/dalstroka-innafor.net\/?p=1359","title":{"rendered":"Naturvernarar"},"content":{"rendered":"<p>Det er jo med ein viss fryd eg les om at <a href=\"http:\/\/www.dagbladet.no\/a\/7804537\/\" target=\"_blank\">Naturvernforbundet har vunne i retten mot godseigar L\u00f8venskiold<\/a> i dag. Men strengt tatt er ikkje det som er det mest oppsiktsvekkande med sj\u00f8lve saka.<\/p>\n<p>Ser ein p\u00e5 det tilh\u00f8yrande biletet til artikkelen, vil ein kanskje heva augnebrynet ein tanke om ein ogs\u00e5 har vore innom Sird\u00f8len si nettutg\u00e5ve i det siste. Ta ein n\u00e6rare kikke p\u00e5 bileta under, s\u00e5 kan du sj\u00f8lv fundere p\u00e5 kva Gunnar (for ordens skuld, p\u00e5 biletet til h\u00f8gre) <em>eigentleg <\/em>har drive med i Nordmarka&#8230; Her luktar det skap-naturvernar lang veg!<\/p>\n<p><a rel=\"lightbox[nordmarka]\" href=\"http:\/\/gfx.dagbladet.no\/labrador\/780\/780766\/7807666\/jpg\/active\/960x.jpg\"><img loading=\"lazy\" decoding=\"async\" class=\"alignleft\" src=\"http:\/\/gfx.dagbladet.no\/labrador\/780\/780766\/7807666\/jpg\/active\/960x.jpg\" alt=\"\" width=\"280\" height=\"157\" \/><\/a><a rel=\"lightbox[nordmarka]\" href=\"http:\/\/www.sirdolen.no\/bilder\/mms\/stor\/141.jpg?dill=147283267\"><img loading=\"lazy\" decoding=\"async\" class=\"alignleft\" src=\"http:\/\/www.sirdolen.no\/bilder\/mms\/stor\/141.jpg?dill=147283267\" alt=\"\" width=\"226\" height=\"169\" \/><\/a><\/p>\n","protected":false},"excerpt":{"rendered":"<p>Det er jo med ein viss fryd eg les om at Naturvernforbundet har vunne i retten mot godseigar L\u00f8venskiold i dag. Men strengt tatt er ikkje det som er det mest oppsiktsvekkande med sj\u00f8lve saka. Ser ein p\u00e5 det tilh\u00f8yrande biletet til artikkelen, vil ein kanskje heva augnebrynet ein tanke om ein ogs\u00e5 har vore [&hellip;]<\/p>\n","protected":false},"author":1,"featured_media":0,"comment_status":"open","ping_status":"open","sticky":false,"template":"","format":"standard","meta":{"footnotes":"","_share_on_mastodon":"0"},"categories":[16,7],"tags":[147,276,497,514],"class_list":["post-1359","post","type-post","status-publish","format-standard","hentry","category-friluftsliv","category-moro","tag-dekkoperasjon","tag-gunnar","tag-naturvern","tag-nordmarka"],"share_on_mastodon":{"url":"","error":""},"_links":{"self":[{"href":"https:\/\/dalstroka-innafor.net\/index.php?rest_route=\/wp\/v2\/posts\/1359","targetHints":{"allow":["GET"]}}],"collection":[{"href":"https:\/\/dalstroka-innafor.net\/index.php?rest_route=\/wp\/v2\/posts"}],"about":[{"href":"https:\/\/dalstroka-innafor.net\/index.php?rest_route=\/wp\/v2\/types\/post"}],"author":[{"embeddable":true,"href":"https:\/\/dalstroka-innafor.net\/index.php?rest_route=\/wp\/v2\/users\/1"}],"replies":[{"embeddable":true,"href":"https:\/\/dalstroka-innafor.net\/index.php?rest_route=%2Fwp%2Fv2%2Fcomments&post=1359"}],"version-history":[{"count":0,"href":"https:\/\/dalstroka-innafor.net\/index.php?rest_route=\/wp\/v2\/posts\/1359\/revisions"}],"wp:attachment":[{"href":"https:\/\/dalstroka-innafor.net\/index.php?rest_route=%2Fwp%2Fv2%2Fmedia&parent=1359"}],"wp:term":[{"taxonomy":"category","embeddable":true,"href":"https:\/\/dalstroka-innafor.net\/index.php?rest_route=%2Fwp%2Fv2%2Fcategories&post=1359"},{"taxonomy":"post_tag","embeddable":true,"href":"https:\/\/dalstroka-innafor.net\/index.php?rest_route=%2Fwp%2Fv2%2Ftags&post=1359"}],"curies":[{"name":"wp","href":"https:\/\/api.w.org\/{rel}","templated":true}]}}