{"id":1343,"date":"2009-08-21T21:39:57","date_gmt":"2009-08-21T19:39:57","guid":{"rendered":"http:\/\/www.dalstroka-innafor.net\/?p=1343"},"modified":"2009-08-21T21:39:57","modified_gmt":"2009-08-21T19:39:57","slug":"attende-i-kvardagen","status":"publish","type":"post","link":"https:\/\/dalstroka-innafor.net\/?p=1343","title":{"rendered":"Attende i kvardagen"},"content":{"rendered":"<p>Alt godt m\u00e5 jo ta slutt. Slik er det ogs\u00e5 med sumarferiar, og no er alts\u00e5 min 28 sumar slutt.<\/p>\n<p>Kvardagen tok til p\u00e5 mondag, men med ny skule, ny kommune, nye elevar, nye kollegar&#8230;ja d\u00e5 vert det litt f\u00f8ling i starten.<\/p>\n<p>Men det er godt \u00e5 ha ei veke bak seg. D\u00e5 har ein kjent litt p\u00e5 korleis kvardagen kjem til \u00e5 bli. Som eit personleg m\u00e5l, m\u00e5 eg sei meg godt n\u00f8gd med \u00e5 kun ha gl\u00f8ymd bort ein time. Ellers har eg vore punktlig til kvar arbeidsdag og kvart ei tilsynsvakt. Eg unnskyldar den eine timen med at det var ein vikartime. \ud83d\ude09<\/p>\n<p>Ellers har eg f\u00e5tt tildelt hovudansvar for musikk og kropps\u00f8ving p\u00e5 3. trinn. Eg har meir enn ein gong angra p\u00e5 at eg gav etter for lysta til \u00e5 h\u00f8yra p\u00e5 dyktige musikarar i eit heilt \u00e5r, og tok mine 30 studiepoeng med musikk i Volda, men etter \u00e5 ha kome heilskinna gjennom dei to fyrste timane, trur eg at det skal kunne verte fint \u00e5 ha i ei 3. klasse.<\/p>\n<p>Kropps\u00f8vinga er eg derimot skeptisk til. Med mine 28 \u00e5r kjenner ein jo p\u00e5 kroppen at ting er i ferd med \u00e5 leggja inn \u00e5rene, men eg vil anta at s\u00e5 lenge eg held munnen lukka, og ikkje utfordrar dei sm\u00e5 i ein augneblink av sjeldan arroganse, s\u00e5 skal det og g\u00e5 fint. Eg er i alle fall godt n\u00f8gd med at halv\u00e5rsplanen er i boks, og det til alt overm\u00e5l i l\u00f8pet av eit par sm\u00e5 timar i litt frisk fjelluft. Men er han perfekt? Neppe! Og det er her <em>du<\/em> kjem inn.<\/p>\n<p>E<a rel=\"lightbox\" href=\"http:\/\/www.dalstroka-innafor.net\/wp-content\/uploads\/\/2009\/08\/grep.gif\"><img loading=\"lazy\" decoding=\"async\" class=\"alignright size-full wp-image-1344\" title=\"GREP\" src=\"http:\/\/www.dalstroka-innafor.net\/wp-content\/uploads\/\/2009\/08\/grep.gif\" alt=\"GREP\" width=\"167\" height=\"83\" \/><\/a>g har lagd ut planen p\u00e5 verdsveven slik at han kan <em>delast<\/em>, gjerast <em>betre<\/em>, og etterkvart kanskje ogs\u00e5 vere til\u00a0<em>inspirasjon<\/em> og <em>arbeidsavhjelping<\/em> for andre som er i same situasjon som meg. <a title=\"Halv\u00e5rsplan i kropps\u00f8ving - 3. klasse\" href=\"http:\/\/spreadsheets.google.com\/ccc?key=0ApCuLEpESfD9dEpsQ1M4aHhaYmF6emNNUzlqOUNRdFE&amp;hl=no\" target=\"_blank\">Ta difor ein kikk p\u00e5 han med \u00e5 fylgje denne lenkja<\/a>, les gjennom han og ta bort\/legg til om du har tips eller forslag \u00e5 kome med. Grunngjev gjerne forslaga dine i kommentarfeltet her p\u00e5 bloggen.<\/p>\n<p>Og med det skulle kveldens bloggpost vere til endes. Hovudet kvernar stort sett om skulestart, namneinnl\u00e6ring og overraskande forest\u00e5ande vikartimar om dagen. Dette har i sin tur f\u00f8rt med seg ein kraftig t\u00f8rkeperiode i bloggosf\u00e6ren. Men slik er det jo. Ting g\u00e5r opp og ned. Eg skal halde utkikke etter gamle b\u00f8ker for ein eventuell ny serie av <a title=\"Gamle helsetips\" href=\"http:\/\/www.dalstroka-innafor.net\/category\/moro\/historisk\/\" target=\"_blank\">same typen som eg hadde g\u00e5ande her tidlegare<\/a>.<\/p>\n","protected":false},"excerpt":{"rendered":"<p>Alt godt m\u00e5 jo ta slutt. Slik er det ogs\u00e5 med sumarferiar, og no er alts\u00e5 min 28 sumar slutt. Kvardagen tok til p\u00e5 mondag, men med ny skule, ny kommune, nye elevar, nye kollegar&#8230;ja d\u00e5 vert det litt f\u00f8ling i starten. Men det er godt \u00e5 ha ei veke bak seg. D\u00e5 har ein [&hellip;]<\/p>\n","protected":false},"author":1,"featured_media":0,"comment_status":"open","ping_status":"open","sticky":false,"template":"","format":"standard","meta":{"footnotes":"","_share_on_mastodon":"0"},"categories":[2],"tags":[],"class_list":["post-1343","post","type-post","status-publish","format-standard","hentry","category-arbeid"],"share_on_mastodon":{"url":"","error":""},"_links":{"self":[{"href":"https:\/\/dalstroka-innafor.net\/index.php?rest_route=\/wp\/v2\/posts\/1343","targetHints":{"allow":["GET"]}}],"collection":[{"href":"https:\/\/dalstroka-innafor.net\/index.php?rest_route=\/wp\/v2\/posts"}],"about":[{"href":"https:\/\/dalstroka-innafor.net\/index.php?rest_route=\/wp\/v2\/types\/post"}],"author":[{"embeddable":true,"href":"https:\/\/dalstroka-innafor.net\/index.php?rest_route=\/wp\/v2\/users\/1"}],"replies":[{"embeddable":true,"href":"https:\/\/dalstroka-innafor.net\/index.php?rest_route=%2Fwp%2Fv2%2Fcomments&post=1343"}],"version-history":[{"count":0,"href":"https:\/\/dalstroka-innafor.net\/index.php?rest_route=\/wp\/v2\/posts\/1343\/revisions"}],"wp:attachment":[{"href":"https:\/\/dalstroka-innafor.net\/index.php?rest_route=%2Fwp%2Fv2%2Fmedia&parent=1343"}],"wp:term":[{"taxonomy":"category","embeddable":true,"href":"https:\/\/dalstroka-innafor.net\/index.php?rest_route=%2Fwp%2Fv2%2Fcategories&post=1343"},{"taxonomy":"post_tag","embeddable":true,"href":"https:\/\/dalstroka-innafor.net\/index.php?rest_route=%2Fwp%2Fv2%2Ftags&post=1343"}],"curies":[{"name":"wp","href":"https:\/\/api.w.org\/{rel}","templated":true}]}}