{"id":1252,"date":"2009-07-13T10:25:38","date_gmt":"2009-07-13T09:25:38","guid":{"rendered":"http:\/\/www.dalstroka-innafor.net\/?p=1252"},"modified":"2009-07-13T10:25:38","modified_gmt":"2009-07-13T09:25:38","slug":"sumarferie-2009","status":"publish","type":"post","link":"https:\/\/dalstroka-innafor.net\/?p=1252","title":{"rendered":"Sumarferie 2009"},"content":{"rendered":"<p>\u00c5rets ferie vart eit faktum etter at Askild hadde vore framp\u00e5 \u00e5ret i f\u00f8revegen med \u00e5 padla Lysefjorden. 8.7 la difor fem eventyrsjuke personar ut i fr\u00e5 Lauvik i kvar sin kajakk. Askild, Jan Olav, Kristin, Sandra og eg la avgarde innover fjorden i opphaldsver og roleg sj\u00f8&#8230;som bestillt.<\/p>\n<p>To dagar seinare landa me i Lysebotnen etter to flotte dagar p\u00e5 fjorden med alt det Noreg kan by p\u00e5 av ver. Men nokre ord dekkjer det heile ganske fortreffeleg: &laquo;tima og tilrettelagt&raquo;! For det var jo nokre dr\u00e5par som m\u00f8tte oss p\u00e5 vegen innover, men lukkelegvis for dei fem staute padlarane kom dei antan n\u00e5r me sat godt planta i b\u00e5ten, d\u00e5 me hadde f\u00e5tt opp telt, eller sat i ly under tak i Fl\u00f8rli. I Fl\u00f8rli forlot ogs\u00e5 Jan Olav oss, og padla heim att til fordel for litt familiemingling.<\/p>\n<p>Returen vart gjort p\u00e5 dekk fr\u00e5 turistferga ut fjorden igjen, noko som sj\u00f8lvsagt var ei litt anna erfaring enn padlinga. Deretter lempa me b\u00e5tane p\u00e5 biltaka og sette nasen mot Stavanger. For austlendingar er det jo klart at det er spanande \u00e5 ta ein tur til Oljehovudstaden i Noreg. Her vart det litt sightseeing i gatene, samt is i V\u00e5gen i ganske s\u00e5 perfekt ver.<\/p>\n<p>Neste stopp p\u00e5 ekskursjonen vart Dalsnuten i Sandnes. Her var me ein tanke uheldige og hadde mykje skyer liggjande over J\u00e6ren i det me n\u00e5dde toppen, men det s\u00e5g ikkje ut til \u00e5 leggja nokon dempar p\u00e5 stemninga&#8230;jf. hoppebiletet under. Kvelden var tilbragt i telt p\u00e5 Selestranda. Sjeldan har eg opplevd s\u00e5 perfekte tilh\u00f8ve som me hadde her. Ikkje eit vindupust. Ikkje eit insekt. Og morgonen etter vart det \u00e5rets fyrste bad i sj\u00f8en&#8230;i nokre ganske kalde nordsj\u00f8grader.<\/p>\n<p>For \u00e5 varma opp kroppane litt var siste stopp p\u00e5 austelndingane sitt firedagarseventyr p\u00e5 s\u00f8r-vestlandet avslutta med tur til Kjerag-bolten. Her fekk me oppleve basehopp fr\u00e5 f\u00e5 meters avstand, noko som strengt tatt var eit rush som var meir enn nok, stupbratte fjellsider 1000 meter ned i fjorden, og sj\u00f8lvsagt den obligatoriske poseringa p\u00e5 sj\u00f8lve Kjerag-bolten.<\/p>\n<p><a rel=\"lightbox[lysefjorden]\" href=\"http:\/\/www.dalstroka-innafor.net\/wp-content\/uploads\/\/2009\/07\/1-1.JPG\"><img loading=\"lazy\" decoding=\"async\" class=\"aligncenter size-medium wp-image-1264\" title=\"1 (1)\" src=\"http:\/\/www.dalstroka-innafor.net\/wp-content\/uploads\/\/2009\/07\/1-1-300x225.jpg\" alt=\"1 (1)\" width=\"300\" height=\"225\" \/><\/a><a rel=\"lightbox[lysefjorden]\" href=\"http:\/\/www.dalstroka-innafor.net\/wp-content\/uploads\/\/2009\/07\/1-2.JPG\"><\/a><a rel=\"lightbox[lysefjorden]\" href=\"http:\/\/www.dalstroka-innafor.net\/wp-content\/uploads\/\/2009\/07\/1-3.JPG\"><\/a><a rel=\"lightbox[lysefjorden]\" href=\"http:\/\/www.dalstroka-innafor.net\/wp-content\/uploads\/\/2009\/07\/1-4.JPG\"><\/a><a rel=\"lightbox[lysefjorden]\" href=\"http:\/\/www.dalstroka-innafor.net\/wp-content\/uploads\/\/2009\/07\/1-5.JPG\"><\/a><a rel=\"lightbox[lysefjorden]\" href=\"http:\/\/www.dalstroka-innafor.net\/wp-content\/uploads\/\/2009\/07\/1-6.JPG\"><\/a><a rel=\"lightbox[lysefjorden]\" href=\"http:\/\/www.dalstroka-innafor.net\/wp-content\/uploads\/\/2009\/07\/1-7.JPG\"><\/a><a rel=\"lightbox[lysefjorden]\" href=\"http:\/\/www.dalstroka-innafor.net\/wp-content\/uploads\/\/2009\/07\/1-8.JPG\"><\/a><a rel=\"lightbox[lysefjorden]\" href=\"http:\/\/www.dalstroka-innafor.net\/wp-content\/uploads\/\/2009\/07\/1-9.JPG\"><\/a><a rel=\"lightbox[lysefjorden]\" href=\"http:\/\/www.dalstroka-innafor.net\/wp-content\/uploads\/\/2009\/07\/1-10.JPG\"><\/a><a rel=\"lightbox[lysefjorden]\" href=\"http:\/\/www.dalstroka-innafor.net\/wp-content\/uploads\/\/2009\/07\/1-11.JPG\"><\/a><a rel=\"lightbox[lysefjorden]\" href=\"http:\/\/www.dalstroka-innafor.net\/wp-content\/uploads\/\/2009\/07\/1-12.JPG\"><\/a><\/p>\n","protected":false},"excerpt":{"rendered":"<p>\u00c5rets ferie vart eit faktum etter at Askild hadde vore framp\u00e5 \u00e5ret i f\u00f8revegen med \u00e5 padla Lysefjorden. 8.7 la difor fem eventyrsjuke personar ut i fr\u00e5 Lauvik i kvar sin kajakk. Askild, Jan Olav, Kristin, Sandra og eg la avgarde innover fjorden i opphaldsver og roleg sj\u00f8&#8230;som bestillt. To dagar seinare landa me i [&hellip;]<\/p>\n","protected":false},"author":1,"featured_media":0,"comment_status":"open","ping_status":"open","sticky":false,"template":"","format":"standard","meta":{"footnotes":"","_share_on_mastodon":"0"},"categories":[16,12],"tags":[141,380,459,460,641,716,739],"class_list":["post-1252","post","type-post","status-publish","format-standard","hentry","category-friluftsliv","category-sirdal","tag-dalsnuten","tag-kjerag","tag-lysebotnen","tag-lysefjorden","tag-sele","tag-stavanger","tag-sumarferie"],"share_on_mastodon":{"url":"","error":""},"_links":{"self":[{"href":"https:\/\/dalstroka-innafor.net\/index.php?rest_route=\/wp\/v2\/posts\/1252","targetHints":{"allow":["GET"]}}],"collection":[{"href":"https:\/\/dalstroka-innafor.net\/index.php?rest_route=\/wp\/v2\/posts"}],"about":[{"href":"https:\/\/dalstroka-innafor.net\/index.php?rest_route=\/wp\/v2\/types\/post"}],"author":[{"embeddable":true,"href":"https:\/\/dalstroka-innafor.net\/index.php?rest_route=\/wp\/v2\/users\/1"}],"replies":[{"embeddable":true,"href":"https:\/\/dalstroka-innafor.net\/index.php?rest_route=%2Fwp%2Fv2%2Fcomments&post=1252"}],"version-history":[{"count":0,"href":"https:\/\/dalstroka-innafor.net\/index.php?rest_route=\/wp\/v2\/posts\/1252\/revisions"}],"wp:attachment":[{"href":"https:\/\/dalstroka-innafor.net\/index.php?rest_route=%2Fwp%2Fv2%2Fmedia&parent=1252"}],"wp:term":[{"taxonomy":"category","embeddable":true,"href":"https:\/\/dalstroka-innafor.net\/index.php?rest_route=%2Fwp%2Fv2%2Fcategories&post=1252"},{"taxonomy":"post_tag","embeddable":true,"href":"https:\/\/dalstroka-innafor.net\/index.php?rest_route=%2Fwp%2Fv2%2Ftags&post=1252"}],"curies":[{"name":"wp","href":"https:\/\/api.w.org\/{rel}","templated":true}]}}