{"id":1169,"date":"2009-04-27T19:05:19","date_gmt":"2009-04-27T18:05:19","guid":{"rendered":"http:\/\/www.dalstroka-innafor.net\/?p=1169"},"modified":"2009-04-27T19:05:19","modified_gmt":"2009-04-27T18:05:19","slug":"funderingar-i-h%c3%b8gda","status":"publish","type":"post","link":"https:\/\/dalstroka-innafor.net\/?p=1169","title":{"rendered":"Funderingar i h\u00f8gda"},"content":{"rendered":"<p>Nokre tusen fot oppe i lufta, p\u00e5 veg til <a href=\"http:\/\/www.dokfilm.no\/\" target=\"_blank\">Dokfilm &#8217;09<\/a>, vart eg sittjande \u00e5 glo ut p\u00e5 skyene og fundera p\u00e5 ei sak. Eg har ein tendens til slikt. Vurderer mest eit h\u00f8gdeopphald for \u00e5 sj\u00e5 om hjerna fungerer best i h\u00f8gda, eller om det berre er feberfabuleringar som dukkar opp p\u00e5 grunn av at ei 40 cm tjukk vengje skiljer deg fr\u00e5 den visse d\u00f8d i eit fleire tusen meter fritt fall mot marka.<\/p>\n<p><img loading=\"lazy\" decoding=\"async\" class=\"alignright size-medium wp-image-1170\" style=\"margin: 5px;\" title=\"P\u00e5 veg til Volda\" src=\"http:\/\/www.dalstroka-innafor.net\/wp-content\/uploads\/\/2009\/04\/img_0053-225x300.jpg\" alt=\"P\u00e5 veg til Volda\" width=\"225\" height=\"300\" \/>I alle fall. Her er noko som nokon kanskje kan svara meg p\u00e5;<\/p>\n<blockquote><p>Me g\u00e5r varmare tider i m\u00f8te. Meir og meir is smeltar og renn ut i verdshava. Auka varme og meir vatn skulle ein tru ogs\u00e5 ville medf\u00f8re meir fordamping. Fordamping i hav endar som kjent opp som skyer. Skyer skygger for sola. Kan ein d\u00e5 risikera at skyene p\u00e5 eit visst tidspunkt dekkjer s\u00e5 mykje for sola at ho ikkje slepp inn sine varmande solstr\u00e5ler til jorda slik at ein p\u00e5 ny g\u00e5r mot ei istid? Kor mykje skyer kan ein eigentleg ha der oppe?<\/p><\/blockquote>\n<p>Slike finurlege ting dukkar alts\u00e5 opp i ei st\u00e5ltube 24000 fot over bakken p\u00e5 veg til Volda. Er det eigentleg normalt?<\/p>\n","protected":false},"excerpt":{"rendered":"<p>Nokre tusen fot oppe i lufta, p\u00e5 veg til Dokfilm &#8217;09, vart eg sittjande \u00e5 glo ut p\u00e5 skyene og fundera p\u00e5 ei sak. Eg har ein tendens til slikt. Vurderer mest eit h\u00f8gdeopphald for \u00e5 sj\u00e5 om hjerna fungerer best i h\u00f8gda, eller om det berre er feberfabuleringar som dukkar opp p\u00e5 grunn av [&hellip;]<\/p>\n","protected":false},"author":1,"featured_media":0,"comment_status":"open","ping_status":"open","sticky":false,"template":"","format":"standard","meta":{"footnotes":"","_share_on_mastodon":"0"},"categories":[11],"tags":[333,384,479,695,748],"class_list":["post-1169","post","type-post","status-publish","format-standard","hentry","category-reise","tag-istid","tag-klimakrise","tag-milj","tag-sol","tag-tankar"],"share_on_mastodon":{"url":"","error":""},"_links":{"self":[{"href":"https:\/\/dalstroka-innafor.net\/index.php?rest_route=\/wp\/v2\/posts\/1169","targetHints":{"allow":["GET"]}}],"collection":[{"href":"https:\/\/dalstroka-innafor.net\/index.php?rest_route=\/wp\/v2\/posts"}],"about":[{"href":"https:\/\/dalstroka-innafor.net\/index.php?rest_route=\/wp\/v2\/types\/post"}],"author":[{"embeddable":true,"href":"https:\/\/dalstroka-innafor.net\/index.php?rest_route=\/wp\/v2\/users\/1"}],"replies":[{"embeddable":true,"href":"https:\/\/dalstroka-innafor.net\/index.php?rest_route=%2Fwp%2Fv2%2Fcomments&post=1169"}],"version-history":[{"count":0,"href":"https:\/\/dalstroka-innafor.net\/index.php?rest_route=\/wp\/v2\/posts\/1169\/revisions"}],"wp:attachment":[{"href":"https:\/\/dalstroka-innafor.net\/index.php?rest_route=%2Fwp%2Fv2%2Fmedia&parent=1169"}],"wp:term":[{"taxonomy":"category","embeddable":true,"href":"https:\/\/dalstroka-innafor.net\/index.php?rest_route=%2Fwp%2Fv2%2Fcategories&post=1169"},{"taxonomy":"post_tag","embeddable":true,"href":"https:\/\/dalstroka-innafor.net\/index.php?rest_route=%2Fwp%2Fv2%2Ftags&post=1169"}],"curies":[{"name":"wp","href":"https:\/\/api.w.org\/{rel}","templated":true}]}}