{"id":1150,"date":"2009-03-17T06:57:05","date_gmt":"2009-03-17T05:57:05","guid":{"rendered":"http:\/\/www.dalstroka-innafor.net\/?p=1150"},"modified":"2009-03-17T06:57:05","modified_gmt":"2009-03-17T05:57:05","slug":"her-tener-dagbladet-pengar-pa-fritzel","status":"publish","type":"post","link":"https:\/\/dalstroka-innafor.net\/?p=1150","title":{"rendered":"Her tener Dagbladet pengar p\u00e5 Fritzl"},"content":{"rendered":"<p><a href=\"http:\/\/www.dagbladet.no\" target=\"_self\">Dagbladet<\/a> gjer det alts\u00e5 igjen. Nok <a href=\"http:\/\/www.dagbladet.no\/2009\/03\/16\/nyheter\/utenriks\/fritzl\/5320942\/\" target=\"_blank\">ei billeg, lite sj\u00f8lvkritisk overskrift<\/a> tonar i mot meg, og det er ikkje ein gong g\u00e5tt ei veke sidan sist. Herrane <em>Lofstad<\/em> og <em>Norum Monsen<\/em> ser ut til \u00e5 ha f\u00e5tt fritt spelerom med tanke p\u00e5 overskrifter. Denne gongen har dei teke tak i eit aspekt av Fritzl-saka i Austerrike.<a rel=\"lightbox\" href=\"http:\/\/www.dalstroka-innafor.net\/wp-content\/uploads\/\/2009\/03\/fritzl.jpg\"><img loading=\"lazy\" decoding=\"async\" class=\"alignright size-medium wp-image-1151\" title=\"Christine R.\" src=\"http:\/\/www.dalstroka-innafor.net\/wp-content\/uploads\/\/2009\/03\/fritzl-300x224.jpg\" alt=\"Christine R.\" width=\"300\" height=\"224\" \/><\/a><\/p>\n<p>Biletet til h\u00f8gre viser ei faksimile fr\u00e5 Dagbladet si framside p\u00e5 nett i dag 16.03.2009. Med krigsoverskrifter vert det tydeleg sett med kritiske blikk p\u00e5 det at ein slektning kj\u00f8rer ei kynisk linje og tener seg nokre ekstra pengar p\u00e5 sin svogers forferdelege handlingar.<\/p>\n<p>Eg sp\u00f8r meg sj\u00f8lv; kven er Dagbladet som kritiserer ein privatperson for \u00e5 krevje pengar av media for \u00e5 uttale seg? Kan det vere at Dagbladet ikkje har f\u00e5tt tilgang til rettssalen der saka g\u00e5r, og difor m\u00e5 gripa etter dei halmstr\u00e5a dei kan finna for at nettopp <a href=\"http:\/\/www.dagbladet.no\/2009\/03\/16\/nyheter\/utenriks\/fritzl\/5320942\/\" target=\"_blank\"><em>Dagbladet<\/em><\/a> kan skvisa nokre kroner til p\u00e5 avissal p\u00e5 denne grufulle saka?<\/p>\n<p>I sj\u00f8lve artikkelen er i alle fall overskrifta flytta ned til ingressplass, og slik eg ser det er jo heile poenget med overskrifta p\u00e5 framsida nettopp \u00e5 gjere den artikkelen meir interessant enn det han er. For strengt tatt s\u00e5 kunne vel mellom anna <a href=\"http:\/\/kvasir.no\/nettsok\/searchResult.html?searchExpr=site%3Adagbladet.no+Fritzl&amp;x=0&amp;y=0&amp;searchRegion=country\" target=\"_blank\">Dagbladet ha vorte anklaga for nett det same<\/a>!<\/p>\n","protected":false},"excerpt":{"rendered":"<p>Dagbladet gjer det alts\u00e5 igjen. Nok ei billeg, lite sj\u00f8lvkritisk overskrift tonar i mot meg, og det er ikkje ein gong g\u00e5tt ei veke sidan sist. Herrane Lofstad og Norum Monsen ser ut til \u00e5 ha f\u00e5tt fritt spelerom med tanke p\u00e5 overskrifter. Denne gongen har dei teke tak i eit aspekt av Fritzl-saka i [&hellip;]<\/p>\n","protected":false},"author":1,"featured_media":0,"comment_status":"open","ping_status":"open","sticky":false,"template":"","format":"standard","meta":{"footnotes":"","_share_on_mastodon":"0"},"categories":[3],"tags":[140,237,355,446,519,550,706],"class_list":["post-1150","post","type-post","status-publish","format-standard","hentry","category-generelt","tag-dagbladet","tag-fritzl","tag-journalistikk","tag-lofstad","tag-norum-monsen","tag-overskrift","tag-spekulativt"],"share_on_mastodon":{"url":"","error":""},"_links":{"self":[{"href":"https:\/\/dalstroka-innafor.net\/index.php?rest_route=\/wp\/v2\/posts\/1150","targetHints":{"allow":["GET"]}}],"collection":[{"href":"https:\/\/dalstroka-innafor.net\/index.php?rest_route=\/wp\/v2\/posts"}],"about":[{"href":"https:\/\/dalstroka-innafor.net\/index.php?rest_route=\/wp\/v2\/types\/post"}],"author":[{"embeddable":true,"href":"https:\/\/dalstroka-innafor.net\/index.php?rest_route=\/wp\/v2\/users\/1"}],"replies":[{"embeddable":true,"href":"https:\/\/dalstroka-innafor.net\/index.php?rest_route=%2Fwp%2Fv2%2Fcomments&post=1150"}],"version-history":[{"count":0,"href":"https:\/\/dalstroka-innafor.net\/index.php?rest_route=\/wp\/v2\/posts\/1150\/revisions"}],"wp:attachment":[{"href":"https:\/\/dalstroka-innafor.net\/index.php?rest_route=%2Fwp%2Fv2%2Fmedia&parent=1150"}],"wp:term":[{"taxonomy":"category","embeddable":true,"href":"https:\/\/dalstroka-innafor.net\/index.php?rest_route=%2Fwp%2Fv2%2Fcategories&post=1150"},{"taxonomy":"post_tag","embeddable":true,"href":"https:\/\/dalstroka-innafor.net\/index.php?rest_route=%2Fwp%2Fv2%2Ftags&post=1150"}],"curies":[{"name":"wp","href":"https:\/\/api.w.org\/{rel}","templated":true}]}}