{"id":1137,"date":"2009-02-24T23:54:03","date_gmt":"2009-02-24T22:54:03","guid":{"rendered":"http:\/\/www.dalstroka-innafor.net\/?p=1137"},"modified":"2009-02-24T23:54:03","modified_gmt":"2009-02-24T22:54:03","slug":"bard-vegard-skiftar-fokus","status":"publish","type":"post","link":"https:\/\/dalstroka-innafor.net\/?p=1137","title":{"rendered":"B\u00e5rd Vegard skiftar fokus&#8230;"},"content":{"rendered":"<p>Tidlegare denne m\u00e5naden <a href=\"http:\/\/www.dalstroka-innafor.net\/2009\/02\/13\/bard-vegards-skulefokus\/\" target=\"_blank\">kommenterte eg utdanningsminister Solhjell sitt fokus<\/a> n\u00e5r det kom til dei skulebloggane han presenterte i sin <a href=\"http:\/\/www.bardvegard.no\" target=\"_blank\">eigen blogg<\/a>.<\/p>\n<p>I kveld viste det seg at <a href=\"http:\/\/www.bardvegar.no\/2009\/02\/skulebloggar-5\/\" target=\"_blank\">kommentaren har hatt noko for seg<\/a>. Kjempeflott. Seks m\u00e5nadar ute i mi l\u00e6rargjerning, og eg har makta \u00e5 f\u00e5 sjefen sj\u00f8lv i <span style=\"text-decoration: line-through;\">tale<\/span> skrift. Heretter kan det berre g\u00e5 ein veg&#8230;nemleg omtrent som b\u00f8rsindeksen dei same siste m\u00e5nadane.<\/p>\n<p>Men huttetu s\u00e5 kjekt det f\u00f8ltes \u00e5 f\u00e5 tilbakemelding p\u00e5 det ein skriv! N\u00e5r det er sagt, treng du sj\u00f8lvsagt ikkje vere utdanningsminister for \u00e5 kommentere ting som dukkar opp her. Det er fritt fram for alle!<\/p>\n<p>Statistikken er har laga meg er no oppdatert med dei siste bloggane. Godt \u00e5 sj\u00e5 ei auke hj\u00e5 dei bl\u00e5 og!<\/p>\n<p style=\"text-align: center;\"><img decoding=\"async\" class=\"aligncenter\" src=\"http:\/\/spreadsheets.google.com\/pub?key=pocM6RfP51gHNrCakWQOtOw&amp;oid=1&amp;output=image\" alt=\"\" \/><\/p>\n","protected":false},"excerpt":{"rendered":"<p>Tidlegare denne m\u00e5naden kommenterte eg utdanningsminister Solhjell sitt fokus n\u00e5r det kom til dei skulebloggane han presenterte i sin eigen blogg. I kveld viste det seg at kommentaren har hatt noko for seg. Kjempeflott. Seks m\u00e5nadar ute i mi l\u00e6rargjerning, og eg har makta \u00e5 f\u00e5 sjefen sj\u00f8lv i tale skrift. Heretter kan det berre [&hellip;]<\/p>\n","protected":false},"author":1,"featured_media":0,"comment_status":"open","ping_status":"open","sticky":false,"template":"","format":"standard","meta":{"footnotes":"","_share_on_mastodon":"0"},"categories":[4,13],"tags":[81,106,422,676,697,809],"class_list":["post-1137","post","type-post","status-publish","format-standard","hentry","category-ikt","category-utdanning","tag-bard-vegard","tag-blogg","tag-lrarblogg","tag-skulefokus","tag-solhjell","tag-utdanningsministeren"],"share_on_mastodon":{"url":"","error":""},"_links":{"self":[{"href":"https:\/\/dalstroka-innafor.net\/index.php?rest_route=\/wp\/v2\/posts\/1137","targetHints":{"allow":["GET"]}}],"collection":[{"href":"https:\/\/dalstroka-innafor.net\/index.php?rest_route=\/wp\/v2\/posts"}],"about":[{"href":"https:\/\/dalstroka-innafor.net\/index.php?rest_route=\/wp\/v2\/types\/post"}],"author":[{"embeddable":true,"href":"https:\/\/dalstroka-innafor.net\/index.php?rest_route=\/wp\/v2\/users\/1"}],"replies":[{"embeddable":true,"href":"https:\/\/dalstroka-innafor.net\/index.php?rest_route=%2Fwp%2Fv2%2Fcomments&post=1137"}],"version-history":[{"count":0,"href":"https:\/\/dalstroka-innafor.net\/index.php?rest_route=\/wp\/v2\/posts\/1137\/revisions"}],"wp:attachment":[{"href":"https:\/\/dalstroka-innafor.net\/index.php?rest_route=%2Fwp%2Fv2%2Fmedia&parent=1137"}],"wp:term":[{"taxonomy":"category","embeddable":true,"href":"https:\/\/dalstroka-innafor.net\/index.php?rest_route=%2Fwp%2Fv2%2Fcategories&post=1137"},{"taxonomy":"post_tag","embeddable":true,"href":"https:\/\/dalstroka-innafor.net\/index.php?rest_route=%2Fwp%2Fv2%2Ftags&post=1137"}],"curies":[{"name":"wp","href":"https:\/\/api.w.org\/{rel}","templated":true}]}}