{"id":1119,"date":"2009-02-13T18:32:28","date_gmt":"2009-02-13T17:32:28","guid":{"rendered":"http:\/\/www.dalstroka-innafor.net\/?p=1119"},"modified":"2009-02-13T18:32:28","modified_gmt":"2009-02-13T17:32:28","slug":"bard-vegards-skulefokus","status":"publish","type":"post","link":"https:\/\/dalstroka-innafor.net\/?p=1119","title":{"rendered":"B\u00e5rd Vegards skulefokus?"},"content":{"rendered":"<p>Utdanningsdepartementet med B\u00e5rd Vegard Solhjell i spissen satsar p\u00e5 skule. I alle fall er det det rykta seier. Med sjukelister lange som ein skuletr\u00f8yt tiandeklassings siste skuledag f\u00f8r sumarferien, underskot som relativt sett dankar ut det verste Island har sett og generell mangel p\u00e5 tilsette til \u00e5 fylla opp dei manglande postane som burde vore p\u00e5 plass i ein ufatteleg hektisk skulekvardag kan denne satsinga synast som eit spel for galleriet.<\/p>\n<p>Men ein ting skal Solhjell ha. Han er flink til \u00e5 nyttegjera seg av moderande uttrykksformer. <a href=\"http:\/\/www.bardvegard.no\" target=\"_blank\">Han bloggar<\/a>. Og det er han flink til. Det siste prosjektet i rekkja hans om dagen er \u00e5 <a href=\"http:\/\/www.bardvegar.no\/2009\/02\/skulebloggar-3\/\" target=\"_blank\">presentera nokre av dei bloggane han kjenner til<\/a> som finst ute i bloggosf\u00e6ren. Slikt er prisverdig. L\u00e6rarar som vert presentert p\u00e5 bloggen til utdanningsministeren tykkjer utan tvil at det er stas.<\/p>\n<p>Og kan hende det var nettopp difor eg tok p\u00e5 meg dei kritiske brillene og gjekk over dei bloggane han har presentert s\u00e5 langt. Beint fram rein avundsjuke? Men for all del&#8230;mange av dei bloggane han trekk fram er jo eg sj\u00f8lv fast lesar av, og dei <em>er<\/em> innhaldsrike. Det eg kanskje saknar er noko fr\u00e5 barneskulen. Ein rask gjennomgang gav meg f\u00f8lgjande statistikk:<\/p>\n<p>[Oppdatert statistikk: 16.02.09 i h\u00f8ve til <a href=\"http:\/\/www.bardvegar.no\/2009\/02\/skulebloggar-4\/\">B\u00e5rd Vegard Solhjell sine bloggpostar.<\/a>]<br \/>\n<img decoding=\"async\" src=\"http:\/\/spreadsheets.google.com\/pub?key=pocM6RfP51gHNrCakWQOtOw&#038;oid=1&#038;output=image\" \/><\/p>\n<p>Oppmodinga ligg alts\u00e5 framf\u00f8re deg B\u00e5rd Vegard&#8230;hansken er kasta! Finst det verkeleg ingen barneskulebloggarar der ute? Eller kan hende er dei for opptekne med \u00e5 driva undervisning?<\/p>\n","protected":false},"excerpt":{"rendered":"<p>Utdanningsdepartementet med B\u00e5rd Vegard Solhjell i spissen satsar p\u00e5 skule. I alle fall er det det rykta seier. Med sjukelister lange som ein skuletr\u00f8yt tiandeklassings siste skuledag f\u00f8r sumarferien, underskot som relativt sett dankar ut det verste Island har sett og generell mangel p\u00e5 tilsette til \u00e5 fylla opp dei manglande postane som burde vore [&hellip;]<\/p>\n","protected":false},"author":1,"featured_media":0,"comment_status":"open","ping_status":"open","sticky":false,"template":"","format":"standard","meta":{"footnotes":"","_share_on_mastodon":"0"},"categories":[2,4,13],"tags":[106,422,681],"class_list":["post-1119","post","type-post","status-publish","format-standard","hentry","category-arbeid","category-ikt","category-utdanning","tag-blogg","tag-lrarblogg","tag-skulesatsing"],"share_on_mastodon":{"url":"","error":""},"_links":{"self":[{"href":"https:\/\/dalstroka-innafor.net\/index.php?rest_route=\/wp\/v2\/posts\/1119","targetHints":{"allow":["GET"]}}],"collection":[{"href":"https:\/\/dalstroka-innafor.net\/index.php?rest_route=\/wp\/v2\/posts"}],"about":[{"href":"https:\/\/dalstroka-innafor.net\/index.php?rest_route=\/wp\/v2\/types\/post"}],"author":[{"embeddable":true,"href":"https:\/\/dalstroka-innafor.net\/index.php?rest_route=\/wp\/v2\/users\/1"}],"replies":[{"embeddable":true,"href":"https:\/\/dalstroka-innafor.net\/index.php?rest_route=%2Fwp%2Fv2%2Fcomments&post=1119"}],"version-history":[{"count":0,"href":"https:\/\/dalstroka-innafor.net\/index.php?rest_route=\/wp\/v2\/posts\/1119\/revisions"}],"wp:attachment":[{"href":"https:\/\/dalstroka-innafor.net\/index.php?rest_route=%2Fwp%2Fv2%2Fmedia&parent=1119"}],"wp:term":[{"taxonomy":"category","embeddable":true,"href":"https:\/\/dalstroka-innafor.net\/index.php?rest_route=%2Fwp%2Fv2%2Fcategories&post=1119"},{"taxonomy":"post_tag","embeddable":true,"href":"https:\/\/dalstroka-innafor.net\/index.php?rest_route=%2Fwp%2Fv2%2Ftags&post=1119"}],"curies":[{"name":"wp","href":"https:\/\/api.w.org\/{rel}","templated":true}]}}