{"id":1115,"date":"2009-02-13T07:10:07","date_gmt":"2009-02-13T06:10:07","guid":{"rendered":"http:\/\/www.dalstroka-innafor.net\/?p=1115"},"modified":"2009-02-13T07:10:07","modified_gmt":"2009-02-13T06:10:07","slug":"jobbane-finst","status":"publish","type":"post","link":"https:\/\/dalstroka-innafor.net\/?p=1115","title":{"rendered":"Jobbane finst!"},"content":{"rendered":"<p>I dag kan mellom anna <a href=\"http:\/\/e24.no\/naeringsliv\/article2923868.ece\" target=\"_blank\">E24<\/a> og <a href=\"http:\/\/www.aftenbladet.no\/innenriks\/987111\/Flere_ledige_stillinger_i_det_offentlige.html\" target=\"_blank\">Aftenbladet <\/a>melde om at det <em>likevel <\/em>finst fleire ledige stillingar i det offentlege. Trass i krisetider finst det alts\u00e5 likevel arbeid \u00e5 f\u00e5.<\/p>\n<p>Det er ikkje lenger enn snaue <a href=\"http:\/\/www.dalstroka-innafor.net\/2009\/01\/30\/arbeidsl%C3%B8yse\/\" target=\"_blank\">14 dagar sidan eg blogga om dette problemet<\/a>;<\/p>\n<blockquote><p><em>I skulane <em>trengst<\/em> det l\u00e6rarar, og som eg tidlegare har nemnd har nok <a href=\"..\/2007\/07\/14\/l%C3%A6rarmangel\/\" target=\"_blank\">mange utdanna forsvunne over i privat sektor<\/a>. Difor er det litt skremande at det er <a onclick=\"javascript:pageTracker._trackPageview('\/outbound\/article\/www.finn.no');\" href=\"http:\/\/www.finn.no\/finn\/job\/object?finnkode=16036737&amp;WT.svl=Link\" target=\"_blank\">s\u00e5 mange ledige jobbar<\/a>. N\u00e5r ein ikkje f\u00e5r ein einaste s\u00f8kjar til ei fast stilling som l\u00e6rar er eg redd det kan tyde p\u00e5 at mange som kanskje har ei l\u00e6rarutdanning heller sit p\u00e5 gjerdet framfor \u00e5 g\u00e5 attende i l\u00e6raryrket<br \/>\n<\/em><\/p><\/blockquote>\n<p><em><br \/>\n<\/em><\/p>\n","protected":false},"excerpt":{"rendered":"<p>I dag kan mellom anna E24 og Aftenbladet melde om at det likevel finst fleire ledige stillingar i det offentlege. Trass i krisetider finst det alts\u00e5 likevel arbeid \u00e5 f\u00e5. Det er ikkje lenger enn snaue 14 dagar sidan eg blogga om dette problemet; I skulane trengst det l\u00e6rarar, og som eg tidlegare har nemnd [&hellip;]<\/p>\n","protected":false},"author":1,"featured_media":0,"comment_status":"open","ping_status":"open","sticky":false,"template":"","format":"standard","meta":{"footnotes":"","_share_on_mastodon":"0"},"categories":[2,10],"tags":[890,48,404],"class_list":["post-1115","post","type-post","status-publish","format-standard","hentry","category-arbeid","category-politikk","tag-arbeid","tag-arbeidslyse","tag-krise"],"share_on_mastodon":{"url":"","error":""},"_links":{"self":[{"href":"https:\/\/dalstroka-innafor.net\/index.php?rest_route=\/wp\/v2\/posts\/1115","targetHints":{"allow":["GET"]}}],"collection":[{"href":"https:\/\/dalstroka-innafor.net\/index.php?rest_route=\/wp\/v2\/posts"}],"about":[{"href":"https:\/\/dalstroka-innafor.net\/index.php?rest_route=\/wp\/v2\/types\/post"}],"author":[{"embeddable":true,"href":"https:\/\/dalstroka-innafor.net\/index.php?rest_route=\/wp\/v2\/users\/1"}],"replies":[{"embeddable":true,"href":"https:\/\/dalstroka-innafor.net\/index.php?rest_route=%2Fwp%2Fv2%2Fcomments&post=1115"}],"version-history":[{"count":0,"href":"https:\/\/dalstroka-innafor.net\/index.php?rest_route=\/wp\/v2\/posts\/1115\/revisions"}],"wp:attachment":[{"href":"https:\/\/dalstroka-innafor.net\/index.php?rest_route=%2Fwp%2Fv2%2Fmedia&parent=1115"}],"wp:term":[{"taxonomy":"category","embeddable":true,"href":"https:\/\/dalstroka-innafor.net\/index.php?rest_route=%2Fwp%2Fv2%2Fcategories&post=1115"},{"taxonomy":"post_tag","embeddable":true,"href":"https:\/\/dalstroka-innafor.net\/index.php?rest_route=%2Fwp%2Fv2%2Ftags&post=1115"}],"curies":[{"name":"wp","href":"https:\/\/api.w.org\/{rel}","templated":true}]}}