{"id":1112,"date":"2009-02-12T18:40:10","date_gmt":"2009-02-12T17:40:10","guid":{"rendered":"http:\/\/www.dalstroka-innafor.net\/?p=1112"},"modified":"2009-02-12T18:40:10","modified_gmt":"2009-02-12T17:40:10","slug":"l%c3%a6rdom-fra-allmennl%c3%a6rarutdanninga","status":"publish","type":"post","link":"https:\/\/dalstroka-innafor.net\/?p=1112","title":{"rendered":"L\u00e6rdom fr\u00e5 allmennl\u00e6rarutdanninga?"},"content":{"rendered":"<p>I l\u00f8pet av mine fire \u00e5r som l\u00e6rarstudent ved H\u00f8gskulen i Volda, er eg ganske sikker p\u00e5 at med ikkje ei einaste gong var innom det \u00e5 settje opp ein \u00e5rsplan i eit fag.<\/p>\n<p>Som nyutdanna kjem du til ferdig oppsett, i alle fall om du startar arbeid i august rett etter somarferien slik eg gjorde. Du skal d\u00e5 i \u00e5ret som kjem gj\u00f8nomf\u00f8ra dei \u00e5rsplanane som er sett opp \u00e5ret f\u00f8r. I samband med dette har eg nokre sp\u00f8rsm\u00e5l eg vil slenga ut:<\/p>\n<ol>\n<li>Kvar l\u00e6rar ein \u00e5 sette opp ein \u00e5rsplan i l\u00f8pet av den fire\u00e5rsperioda ein er i utdanning? I kvart einskild fag? I pedagogikk?<\/li>\n<li>Korleis skal ein god \u00e5rsplan sj\u00e5 ut?<\/li>\n<\/ol>\n<p>Dette er to ting eg har vorte ganske nysgjerrig p\u00e5 etter at eg meir enn ein gong har kjend p\u00e5 kjensla av: <em>kva er det eg held p\u00e5 med?<\/em> Oppmodinga g\u00e5r difor ut til l\u00e6rarar over heile landet (og utlandet):<\/p>\n<p><strong>Kom med tips i kommentarfeltet, gjerne ei lenkje, til eit eksempel p\u00e5 ein \u00e5rsplan <em>du<\/em> tykkjer er godt laga!<\/strong><\/p>\n","protected":false},"excerpt":{"rendered":"<p>I l\u00f8pet av mine fire \u00e5r som l\u00e6rarstudent ved H\u00f8gskulen i Volda, er eg ganske sikker p\u00e5 at med ikkje ei einaste gong var innom det \u00e5 settje opp ein \u00e5rsplan i eit fag. Som nyutdanna kjem du til ferdig oppsett, i alle fall om du startar arbeid i august rett etter somarferien slik eg [&hellip;]<\/p>\n","protected":false},"author":1,"featured_media":0,"comment_status":"open","ping_status":"open","sticky":false,"template":"","format":"standard","meta":{"footnotes":"","_share_on_mastodon":"0"},"categories":[2,13],"tags":[69,563,572,675],"class_list":["post-1112","post","type-post","status-publish","format-standard","hentry","category-arbeid","category-utdanning","tag-arsplan","tag-pedagogikk","tag-planlegging","tag-skule"],"share_on_mastodon":{"url":"","error":""},"_links":{"self":[{"href":"https:\/\/dalstroka-innafor.net\/index.php?rest_route=\/wp\/v2\/posts\/1112","targetHints":{"allow":["GET"]}}],"collection":[{"href":"https:\/\/dalstroka-innafor.net\/index.php?rest_route=\/wp\/v2\/posts"}],"about":[{"href":"https:\/\/dalstroka-innafor.net\/index.php?rest_route=\/wp\/v2\/types\/post"}],"author":[{"embeddable":true,"href":"https:\/\/dalstroka-innafor.net\/index.php?rest_route=\/wp\/v2\/users\/1"}],"replies":[{"embeddable":true,"href":"https:\/\/dalstroka-innafor.net\/index.php?rest_route=%2Fwp%2Fv2%2Fcomments&post=1112"}],"version-history":[{"count":0,"href":"https:\/\/dalstroka-innafor.net\/index.php?rest_route=\/wp\/v2\/posts\/1112\/revisions"}],"wp:attachment":[{"href":"https:\/\/dalstroka-innafor.net\/index.php?rest_route=%2Fwp%2Fv2%2Fmedia&parent=1112"}],"wp:term":[{"taxonomy":"category","embeddable":true,"href":"https:\/\/dalstroka-innafor.net\/index.php?rest_route=%2Fwp%2Fv2%2Fcategories&post=1112"},{"taxonomy":"post_tag","embeddable":true,"href":"https:\/\/dalstroka-innafor.net\/index.php?rest_route=%2Fwp%2Fv2%2Ftags&post=1112"}],"curies":[{"name":"wp","href":"https:\/\/api.w.org\/{rel}","templated":true}]}}