{"id":1109,"date":"2009-02-12T16:48:49","date_gmt":"2009-02-12T15:48:49","guid":{"rendered":"http:\/\/www.dalstroka-innafor.net\/?p=1109"},"modified":"2009-02-12T16:48:49","modified_gmt":"2009-02-12T15:48:49","slug":"endring-av-arbeidsoppgaver","status":"publish","type":"post","link":"https:\/\/dalstroka-innafor.net\/?p=1109","title":{"rendered":"Endring av arbeidsoppg\u00e5ver"},"content":{"rendered":"<p>D\u00e5 kan ein vel seia at det i dagslys. Eg har vorte IKT-ansvarlig.<\/p>\n<p>D\u00e5 min mentor og kollega <a href=\"http:\/\/twitter.com\/fossum\" target=\"_blank\">Trond <\/a>vart freista av ny b\u00e6rbar i ny jobb, kunne han sj\u00f8lvsagt ikkje seie nei. Eg forst\u00e5r han! Men hans bortgang medf\u00f8rer ein del endringar i dei rutinanen som eg <em>omtrent<\/em> hadde begynt \u00e5 leggja meg til. Eg har rett og slett vorte ansvarleg for \u00e5 f\u00e5 informasjons og kommunikasjons teknologien til \u00e5 g\u00e5 rundt. Oppg\u00e5va vart delt i to mellom barnetrinnet og mellomtrinnet.<\/p>\n<p>IKT-ansvarleg etter 6 m\u00e5nadar i arbeid&#8230;ting skjer fort i den virkelige verda. Om kun kort tid skal eg delta p\u00e5 IKT-seminar saman med andre IKT-ansvarlege rundt om i kommunenen. Etter \u00e5 ha kikka p\u00e5 sakslista kjende eg skepsisen breia seg:<\/p>\n<ul>\n<li><em>Presentasjon av IKT-strategi 2009-2012<\/em><\/li>\n<li><em>Ny l\u00f8ysing for image-installasjon<\/em><\/li>\n<li><em>Overgang til Windows 2008 server<\/em><\/li>\n<\/ul>\n<p>Berre i dag kom eg borti tre ulike datamaskinar som sleit. Oppdateringar m\u00e5tte installerast, men dei vart avbrotne midt i grunna ukjende \u00e5rsaker. H\u00e5plaust! Eg kjenner at eg ikkje er s\u00e6rs sugen p\u00e5 \u00e5 ha ein slik kvardag framover. Ubuntu-cd&#8217;en ligg klar&#8230;<\/p>\n","protected":false},"excerpt":{"rendered":"<p>D\u00e5 kan ein vel seia at det i dagslys. Eg har vorte IKT-ansvarlig. D\u00e5 min mentor og kollega Trond vart freista av ny b\u00e6rbar i ny jobb, kunne han sj\u00f8lvsagt ikkje seie nei. Eg forst\u00e5r han! Men hans bortgang medf\u00f8rer ein del endringar i dei rutinanen som eg omtrent hadde begynt \u00e5 leggja meg til. [&hellip;]<\/p>\n","protected":false},"author":1,"featured_media":0,"comment_status":"open","ping_status":"open","sticky":false,"template":"","format":"standard","meta":{"footnotes":"","_share_on_mastodon":"0"},"categories":[2,4],"tags":[890,144,891,313,539],"class_list":["post-1109","post","type-post","status-publish","format-standard","hentry","category-arbeid","category-ikt","tag-arbeid","tag-data","tag-ikt","tag-ikt-ansvarleg","tag-opprykk"],"share_on_mastodon":{"url":"","error":""},"_links":{"self":[{"href":"https:\/\/dalstroka-innafor.net\/index.php?rest_route=\/wp\/v2\/posts\/1109","targetHints":{"allow":["GET"]}}],"collection":[{"href":"https:\/\/dalstroka-innafor.net\/index.php?rest_route=\/wp\/v2\/posts"}],"about":[{"href":"https:\/\/dalstroka-innafor.net\/index.php?rest_route=\/wp\/v2\/types\/post"}],"author":[{"embeddable":true,"href":"https:\/\/dalstroka-innafor.net\/index.php?rest_route=\/wp\/v2\/users\/1"}],"replies":[{"embeddable":true,"href":"https:\/\/dalstroka-innafor.net\/index.php?rest_route=%2Fwp%2Fv2%2Fcomments&post=1109"}],"version-history":[{"count":0,"href":"https:\/\/dalstroka-innafor.net\/index.php?rest_route=\/wp\/v2\/posts\/1109\/revisions"}],"wp:attachment":[{"href":"https:\/\/dalstroka-innafor.net\/index.php?rest_route=%2Fwp%2Fv2%2Fmedia&parent=1109"}],"wp:term":[{"taxonomy":"category","embeddable":true,"href":"https:\/\/dalstroka-innafor.net\/index.php?rest_route=%2Fwp%2Fv2%2Fcategories&post=1109"},{"taxonomy":"post_tag","embeddable":true,"href":"https:\/\/dalstroka-innafor.net\/index.php?rest_route=%2Fwp%2Fv2%2Ftags&post=1109"}],"curies":[{"name":"wp","href":"https:\/\/api.w.org\/{rel}","templated":true}]}}