{"id":1068,"date":"2009-01-30T18:31:09","date_gmt":"2009-01-30T17:31:09","guid":{"rendered":"http:\/\/www.dalstroka-innafor.net\/?p=1068"},"modified":"2009-01-30T18:31:09","modified_gmt":"2009-01-30T17:31:09","slug":"arbeidsl%c3%b8yse","status":"publish","type":"post","link":"https:\/\/dalstroka-innafor.net\/?p=1068","title":{"rendered":"Arbeidsl\u00f8yse?"},"content":{"rendered":"<p>Finanskrisa bringer med seg stor arbeidsl\u00f8yse. Det kan ein lesa rundt omkring overalt der ein snur seg om dagen. <a href=\"http:\/\/www.vg.no\/nyheter\/innenriks\/artikkel.php?artid=536731\" target=\"_blank\">Coca-Cola seier opp fleirfoldige<\/a> tilsette delvis p\u00e5 grunn av finanskrisa, <a href=\"http:\/\/www.nrk.no\/nyheter\/distrikt\/rogaland\/ryfylke\/1.6317434\" target=\"_blank\">Eramet i Sauda permiterer<\/a> over ein lav sko&#8230;ja det er <a href=\"http:\/\/www.dagbladet.no\/2009\/01\/29\/nyheter\/arbeidsledighet\/innenriks\/finanskrisen\/politikk\/4595995\/\" target=\"_blank\">heile 20.500 fleire arbeidsledige<\/a> i registra hj\u00e5 NAV no enn det var p\u00e5 same tid i fjor! NRK melder ogs\u00e5 om at <a href=\"http:\/\/www.nrk.no\/nyheter\/distrikt\/sorlandet\/1.6193986\" target=\"_blank\">174 fleire s\u00f8rlendingar no g\u00e5r p\u00e5 trygd<\/a> enn det som var tilfellet for eit \u00e5r sidan. Dette tilsvarer 13,1 prosent av Vest-Agders innbyggjarar.<\/p>\n<p>I grevens tid kjem regjeringa med ei vitamininns<img loading=\"lazy\" decoding=\"async\" class=\"alignright\" style=\"margin: 5px;\" title=\"Kan dette vere grunnen til l\u00e6rarmangelen?\" src=\"http:\/\/farm4.static.flickr.com\/3086\/3114617694_f909f048b4.jpg?v=0\" alt=\"\" width=\"415\" height=\"311\" \/>pr\u00f8yting. Ei <a href=\"http:\/\/www.dagbladet.no\/2009\/01\/26\/nyheter\/politikk\/regjeringen\/innenriks\/finanskrisen\/4548677\/\" target=\"_blank\">krisepakke der mange, i f\u00f8lgje sjef\u00f8konom i LO Stein Reeg\u00e5rd, vil f\u00e5 ny jobb<\/a>. Det triste er at n\u00e5r han seier det, tenkjer han fyrst og fremst p\u00e5 bygg- og annleggsbransjen. Den same regjeringa har vistnok g\u00e5tt inn for ei <a href=\"http:\/\/www.politikkavisen.no\/www__Dregjeringen__Dno\/115109259_5922_3938103_10152120_9669_115_95_EUTF8.html\" target=\"_blank\">satsing p\u00e5 skule og utdanning<\/a>. Det skulle ein ikkje tru n\u00e5r resultatet er at <a href=\"http:\/\/aftenbladet.no\/debatt\/leder\/962661\/OEkt_press_paa_de_smaa_skolene.html\" target=\"_blank\">skular rundt om i Noregs land vert lagd ned<\/a>. I staden for \u00e5 oppretthalda sm\u00e5 skular, satsar ein no i staden p\u00e5 <a href=\"http:\/\/www.nrk.no\/nyheter\/distrikt\/sorlandet\/1.6453009\" target=\"_blank\">grandiose utdanningsfabrikkar<\/a>. Eg meiner ein slik tanke er totalt feil! Eg ser med gru p\u00e5 den utviklinga som breier om seg med st\u00f8rre og st\u00f8rre skular, der ein har klassar som er st\u00f8rre og st\u00f8rre. &laquo;Spare pengar&raquo; er det jamne mantraet ein h\u00f8yrer. Gong p\u00e5 gong. Trass i at regjeringa jo som eg allereie har nemnd <em>satsar<\/em> p\u00e5 utdanning.<\/p>\n<p>Tilbake i <a href=\"http:\/\/www.dalstroka-innafor.net\/2007\/07\/14\/l%C3%A6rarmangel\/\" target=\"_blank\">juni 2007 skreiv eg nokre tankar omkring den l\u00e6rarmangelen<\/a> som d\u00e5 var. Det kunne vore interessant og sett tal p\u00e5 kor mange fleire l\u00e6rarar det har kome <em>pr. elev<\/em> i skulen sidan d\u00e5. Eg fryktar at det er mindre no enn d\u00e5! Men det har like fullt vorte <em>satsa <\/em>p\u00e5 utdanning. D\u00e5 sp\u00f8r eg meg sj\u00f8lv; <em>kven stikk av med pengane?<\/em><\/p>\n<p>No er det alts\u00e5 krisetid og fleire og fleire st\u00e5r utan jobb for kvar dag som g\u00e5r. I skulane <em>trengst<\/em> det l\u00e6rarar, og som eg tidlegare har nemnd har nok <a href=\"http:\/\/www.dalstroka-innafor.net\/2007\/07\/14\/l%C3%A6rarmangel\/\" target=\"_blank\">mange utdanna forsvunne over i privat sektor<\/a>. Difor er det litt skremande at det er <a href=\"http:\/\/www.finn.no\/finn\/job\/object?finnkode=16036737&amp;WT.svl=Link\" target=\"_blank\">s\u00e5 mange ledige jobbar<\/a>. N\u00e5r ein ikkje f\u00e5r ein einaste s\u00f8kjar til ei fast stilling som l\u00e6rar er eg redd det kan tyde p\u00e5 at mange som kanskje har ei l\u00e6rarutdanning heller sit p\u00e5 gjerdet framfor \u00e5 g\u00e5 attende i l\u00e6raryrket p\u00e5 bakgrunn av <a href=\"http:\/\/educationalissues.suite101.com\/article.cfm\/teachers_are_quitting\" target=\"_blank\">dei erfaringane dei gjorde seg<\/a> d\u00e5 dei var aktive l\u00e6rarar.<\/p>\n<p>Det skulle kunne g\u00e5 ann \u00e5 tru at tilh\u00f8va har vorte betre med tanke p\u00e5 <em>satsinga<\/em> fr\u00e5 regjeringa. Diverre kan det sj\u00e5 ut som om det for det meste har vore eit spel for galleriet. Spesielt med tanke p\u00e5 at dei som skal handtera arbeidsl\u00f8ysa <a href=\"http:\/\/www.aftenposten.no\/nyheter\/iriks\/article2899094.ece\" target=\"_blank\">ikkje ein gong har r\u00e5d til \u00e5 ha nok tilsette p\u00e5 jobb<\/a>!<\/p>\n","protected":false},"excerpt":{"rendered":"<p>Finanskrisa bringer med seg stor arbeidsl\u00f8yse. Det kan ein lesa rundt omkring overalt der ein snur seg om dagen. Coca-Cola seier opp fleirfoldige tilsette delvis p\u00e5 grunn av finanskrisa, Eramet i Sauda permiterer over ein lav sko&#8230;ja det er heile 20.500 fleire arbeidsledige i registra hj\u00e5 NAV no enn det var p\u00e5 same tid i [&hellip;]<\/p>\n","protected":false},"author":1,"featured_media":0,"comment_status":"open","ping_status":"open","sticky":false,"template":"","format":"standard","meta":{"footnotes":"","_share_on_mastodon":"0"},"categories":[2,13],"tags":[890,347,404,503,672,675,679],"class_list":["post-1068","post","type-post","status-publish","format-standard","hentry","category-arbeid","category-utdanning","tag-arbeid","tag-jobb","tag-krise","tag-nedleggjing","tag-skolesatsing","tag-skule","tag-skulepolitikk"],"share_on_mastodon":{"url":"","error":""},"_links":{"self":[{"href":"https:\/\/dalstroka-innafor.net\/index.php?rest_route=\/wp\/v2\/posts\/1068","targetHints":{"allow":["GET"]}}],"collection":[{"href":"https:\/\/dalstroka-innafor.net\/index.php?rest_route=\/wp\/v2\/posts"}],"about":[{"href":"https:\/\/dalstroka-innafor.net\/index.php?rest_route=\/wp\/v2\/types\/post"}],"author":[{"embeddable":true,"href":"https:\/\/dalstroka-innafor.net\/index.php?rest_route=\/wp\/v2\/users\/1"}],"replies":[{"embeddable":true,"href":"https:\/\/dalstroka-innafor.net\/index.php?rest_route=%2Fwp%2Fv2%2Fcomments&post=1068"}],"version-history":[{"count":0,"href":"https:\/\/dalstroka-innafor.net\/index.php?rest_route=\/wp\/v2\/posts\/1068\/revisions"}],"wp:attachment":[{"href":"https:\/\/dalstroka-innafor.net\/index.php?rest_route=%2Fwp%2Fv2%2Fmedia&parent=1068"}],"wp:term":[{"taxonomy":"category","embeddable":true,"href":"https:\/\/dalstroka-innafor.net\/index.php?rest_route=%2Fwp%2Fv2%2Fcategories&post=1068"},{"taxonomy":"post_tag","embeddable":true,"href":"https:\/\/dalstroka-innafor.net\/index.php?rest_route=%2Fwp%2Fv2%2Ftags&post=1068"}],"curies":[{"name":"wp","href":"https:\/\/api.w.org\/{rel}","templated":true}]}}